{"id":1207,"date":"2007-01-01T19:54:59","date_gmt":"2007-01-01T19:54:59","guid":{"rendered":"http:\/\/rubensvalenzuela.com\/web\/?p=1207"},"modified":"2013-06-12T19:56:56","modified_gmt":"2013-06-12T19:56:56","slug":"sin-espanoles-en-el-once-del-ano-de-lequipe","status":"publish","type":"post","link":"http:\/\/rubensvalenzuela.com\/web\/articulos\/sin-espanoles-en-el-once-del-ano-de-lequipe\/","title":{"rendered":"Sin espa\u00f1oles en el once del a\u00f1o de L&#8217;Equipe"},"content":{"rendered":"<div style=\"display:none;\">\n. Ni Marchena, ni Ra\u00fal, ni Fernando Torres. Tampoco Senna ni Joaqu\u00edn. Ning\u00fan espa\u00f1ol en el once del a\u00f1o del peri\u00f3dico franc\u00e9s L\u2019Equipe. Normal. Los once elegidos superan con creces el nivel de los nuestros, que, salvo excepciones como Villa, Cesc o Puyol, han tenido un pat\u00e9tico a\u00f1o, sobretodo en el \u00faltimo Mundial, torneo clave en este tipo de elecciones y en el que la Selecci\u00f3n no pas\u00f3 de octavos.\n <\/div>\n[wpds-restrict type=\u00bb1,2,3&#8243;]\n<p><img data-recalc-dims=\"1\" fetchpriority=\"high\" decoding=\"async\" src=\"https:\/\/i0.wp.com\/rubensvalenzuela.com\/web\/wp-content\/uploads\/2013\/06\/art20-big.jpg?resize=500%2C375\" alt=\"art20-big\" width=\"500\" height=\"375\" class=\"alignnone size-full wp-image-1208\" srcset=\"https:\/\/i0.wp.com\/rubensvalenzuela.com\/web\/wp-content\/uploads\/2013\/06\/art20-big.jpg?w=500 500w, https:\/\/i0.wp.com\/rubensvalenzuela.com\/web\/wp-content\/uploads\/2013\/06\/art20-big.jpg?resize=400%2C300 400w\" sizes=\"(max-width: 500px) 100vw, 500px\" \/><\/p>\n<p>Ni Marchena, ni Ra\u00fal, ni Fernando Torres. Tampoco Senna ni Joaqu\u00edn. Ning\u00fan espa\u00f1ol en el once del a\u00f1o del peri\u00f3dico franc\u00e9s L\u2019Equipe. Normal. Los once elegidos superan con creces el nivel de los nuestros, que, salvo excepciones como Villa, Cesc o Puyol, han tenido un pat\u00e9tico a\u00f1o, sobretodo en el \u00faltimo Mundial, torneo clave en este tipo de elecciones y en el que la Selecci\u00f3n no pas\u00f3 de octavos. <\/p>\n<p>De la Liga hay cinco futbolistas entre los once: cuatro del campe\u00f3n de Europa, el Barcelona y uno del Real Madrid. El de los blancos es, c\u00f3mo no, Fabio Cannavaro, nombrado no hace mucho mejor futbolista del mundo del a\u00f1o que se despide y al que tambi\u00e9n la revista francesa France Football le otorg\u00f3 el Bal\u00f3n de Oro.<br \/>\nLos blaugrana que figuran entre los once mejores son Ronaldinho, quien en 2006 tambi\u00e9n ha sido premiado con el FIFPro y el Bal\u00f3n de Oro suramericano que otorga el diario uruguayo El Pa\u00eds, Samuel Eto\u2019o, Anderson Deco y Gianluca Zambrotta. <\/p>\n<p>La Copa del Mundo ha tenido mucho que ver en la elaboraci\u00f3n de esta selecci\u00f3n, ya que ocho de los once elegidos jugaron la gran final en Alemania, y son cinco italianos y tres franceses los protagonistas. Adem\u00e1s de los futbolistas de nuestra liga, tambi\u00e9n est\u00e1n en el equipo del a\u00f1o de L\u2019Equipe Gianluigi Buffon (Juventus), William Gallas (Arsenal), Fabio Grosso (Inter), Claude Makelele (Chelsea), Andrea Pirlo (Milan) y Thierry Henry (Arsenal). <\/p>\n<p>El t\u00e9cnico elegido ha sido el campe\u00f3n del mundo con Italia, Marcello Lippi. As\u00ed pues, este es el mejor equipo del a\u00f1o para el rotativo galo: Buffon; Zambrotta, Cannavaro, Gallas, Grosso; Makelele, Pirlo, Deco Ronaldinho; Eto\u2019o, Henry. El deseo para el a\u00f1o que viene es que por lo menos tengamos entre los mejores a uno. Al menos uno de los nuestros. Eso ser\u00eda un buen s\u00edntoma. <\/p>\n<p>Fernando Castellanos. Notas de Futbol. <\/p>\n[\/wpds-restrict]\n","protected":false},"excerpt":{"rendered":"<p>. Ni Marchena, ni Ra\u00fal, ni Fernando Torres. Tampoco Senna ni Joaqu\u00edn. Ning\u00fan espa\u00f1ol en el once del a\u00f1o del peri\u00f3dico franc\u00e9s L\u2019Equipe. Normal. Los once elegidos superan con creces el nivel de los nuestros, que, salvo excepciones como Villa, Cesc o Puyol, han tenido un pat\u00e9tico a\u00f1o, sobretodo en el \u00faltimo Mundial, torneo clave &#8230;<\/p>\n","protected":false},"author":1,"featured_media":1208,"comment_status":"open","ping_status":"open","sticky":false,"template":"","format":"standard","meta":{"_acf_changed":false,"_jetpack_memberships_contains_paid_content":false,"footnotes":"","jetpack_publicize_message":"","jetpack_publicize_feature_enabled":true,"jetpack_social_post_already_shared":false,"jetpack_social_options":{"image_generator_settings":{"template":"highway","default_image_id":0,"font":"","enabled":false},"version":2}},"categories":[2,21],"tags":[67,51],"yst_prominent_words":[],"class_list":["post-1207","post","type-post","status-publish","format-standard","has-post-thumbnail","hentry","category-articulos","category-articulos-periodisticos","tag-articulos","tag-periodisticos"],"acf":[],"jetpack_publicize_connections":[],"jetpack_featured_media_url":"https:\/\/i0.wp.com\/rubensvalenzuela.com\/web\/wp-content\/uploads\/2013\/06\/art20-big.jpg?fit=500%2C375","jetpack_likes_enabled":true,"jetpack_sharing_enabled":true,"_links":{"self":[{"href":"http:\/\/rubensvalenzuela.com\/web\/wp-json\/wp\/v2\/posts\/1207","targetHints":{"allow":["GET"]}}],"collection":[{"href":"http:\/\/rubensvalenzuela.com\/web\/wp-json\/wp\/v2\/posts"}],"about":[{"href":"http:\/\/rubensvalenzuela.com\/web\/wp-json\/wp\/v2\/types\/post"}],"author":[{"embeddable":true,"href":"http:\/\/rubensvalenzuela.com\/web\/wp-json\/wp\/v2\/users\/1"}],"replies":[{"embeddable":true,"href":"http:\/\/rubensvalenzuela.com\/web\/wp-json\/wp\/v2\/comments?post=1207"}],"version-history":[{"count":1,"href":"http:\/\/rubensvalenzuela.com\/web\/wp-json\/wp\/v2\/posts\/1207\/revisions"}],"predecessor-version":[{"id":1209,"href":"http:\/\/rubensvalenzuela.com\/web\/wp-json\/wp\/v2\/posts\/1207\/revisions\/1209"}],"wp:featuredmedia":[{"embeddable":true,"href":"http:\/\/rubensvalenzuela.com\/web\/wp-json\/wp\/v2\/media\/1208"}],"wp:attachment":[{"href":"http:\/\/rubensvalenzuela.com\/web\/wp-json\/wp\/v2\/media?parent=1207"}],"wp:term":[{"taxonomy":"category","embeddable":true,"href":"http:\/\/rubensvalenzuela.com\/web\/wp-json\/wp\/v2\/categories?post=1207"},{"taxonomy":"post_tag","embeddable":true,"href":"http:\/\/rubensvalenzuela.com\/web\/wp-json\/wp\/v2\/tags?post=1207"},{"taxonomy":"yst_prominent_words","embeddable":true,"href":"http:\/\/rubensvalenzuela.com\/web\/wp-json\/wp\/v2\/yst_prominent_words?post=1207"}],"curies":[{"name":"wp","href":"https:\/\/api.w.org\/{rel}","templated":true}]}}