{"id":212,"date":"2007-02-23T18:45:14","date_gmt":"2007-02-23T18:45:14","guid":{"rendered":"http:\/\/rubensvalenzuela.com\/web\/?p=212"},"modified":"2013-04-27T20:34:46","modified_gmt":"2013-04-27T20:34:46","slug":"feher-su-recuerdo-en-el-corazon","status":"publish","type":"post","link":"http:\/\/rubensvalenzuela.com\/web\/noticias\/feher-su-recuerdo-en-el-corazon\/","title":{"rendered":"Feh\u00e9r, su recuerdo en el coraz\u00f3n"},"content":{"rendered":"[wpds-restrict type=\u00bb1,2,3&#8243;]\n<div style=\"float:left; margin-right:15px;\"><img data-recalc-dims=\"1\" fetchpriority=\"high\" decoding=\"async\" src=\"https:\/\/i0.wp.com\/rubensvalenzuela.com\/web\/wp-content\/uploads\/2013\/04\/art38-big.jpg?resize=343%2C375\" alt=\"art38-big\" width=\"343\" height=\"375\" class=\"alignnone size-full wp-image-213\" \/><\/div>\n[\/wpds-restrict]\n<p>Tal d\u00eda como hoy hace tres a\u00f1os la tragedia se apoderaba del f\u00fatbol, del Benfica, y de Miklos Feh\u00e9r. Nadie en Portugal olvida aqu\u00e9l 25 de enero de 2004. <\/p>\n[wpds-restrict type=\u00bb1,2,3&#8243;]\nSe disputaba un Vitoria de Guimaraes-Benfica de la Superliga portuguesa pero nadie imaginaba que pod\u00eda ser el \u00faltimo que disfrutase de la sonrisa del prometedor futbolista h\u00fangaro sobre un terreno de juego. Suced\u00eda a poco de finalizar el partido. El delantero, que acababa de participar en un gol del Benfica, recib\u00eda una tarjeta amarilla del colegiado que prefiri\u00f3 tomarse de la mejor manera. Sin embargo, nadie se esperaba que, despu\u00e9s de aqu\u00e9lla ingenua sonrisa, el llanto se apoderar\u00eda, de manera implacable y mordaz, de todo el estadio y del mundo del f\u00fatbol. <\/p>\n<p>Con tan s\u00f3lo 24 a\u00f1os, despu\u00e9s de haber abandonado su pa\u00eds con 18 y haber jugado en Oporto y Salgueiros, el coraz\u00f3n de Feh\u00e9r dej\u00f3 de latir. Se desplom\u00f3 y posteriormente dijo adi\u00f3s a su vida, el f\u00fatbol, sobre el encharcado de l\u00e1grimas c\u00e9sped del Est\u00e1dio D. Afonso Henriques. Hoy, tres a\u00f1os despu\u00e9s, y a pesar de formar parte del firmamento de estrellas, su luz brilla m\u00e1s que nunca en el coraz\u00f3n del Benfica y en el de todos los que no olvidamos aqu\u00e9l fat\u00eddico d\u00eda. <\/p>\n<p>Fernando Castellanos de NOTAS DE FUTBOL.<br \/>\n[\/wpds-restrict]\n","protected":false},"excerpt":{"rendered":"<p>[wpds-restrict type=\u00bb1,2,3&#8243;] [\/wpds-restrict] Tal d\u00eda como hoy hace tres a\u00f1os la tragedia se apoderaba del f\u00fatbol, del Benfica, y de Miklos Feh\u00e9r. Nadie en Portugal olvida aqu\u00e9l 25 de enero de 2004. [wpds-restrict type=\u00bb1,2,3&#8243;] Se disputaba un Vitoria de Guimaraes-Benfica de la Superliga portuguesa pero nadie imaginaba que pod\u00eda ser el \u00faltimo que disfrutase de &#8230;<\/p>\n","protected":false},"author":1,"featured_media":219,"comment_status":"open","ping_status":"open","sticky":false,"template":"","format":"standard","meta":{"_acf_changed":false,"_jetpack_memberships_contains_paid_content":false,"footnotes":"","jetpack_publicize_message":"","jetpack_publicize_feature_enabled":true,"jetpack_social_post_already_shared":false,"jetpack_social_options":{"image_generator_settings":{"template":"highway","default_image_id":0,"font":"","enabled":false},"version":2}},"categories":[5],"tags":[61],"yst_prominent_words":[],"class_list":["post-212","post","type-post","status-publish","format-standard","has-post-thumbnail","hentry","category-noticias","tag-noticias"],"acf":[],"jetpack_publicize_connections":[],"jetpack_featured_media_url":"https:\/\/i0.wp.com\/rubensvalenzuela.com\/web\/wp-content\/uploads\/2007\/02\/art38.jpg?fit=200%2C90","jetpack_likes_enabled":true,"jetpack_sharing_enabled":true,"_links":{"self":[{"href":"http:\/\/rubensvalenzuela.com\/web\/wp-json\/wp\/v2\/posts\/212","targetHints":{"allow":["GET"]}}],"collection":[{"href":"http:\/\/rubensvalenzuela.com\/web\/wp-json\/wp\/v2\/posts"}],"about":[{"href":"http:\/\/rubensvalenzuela.com\/web\/wp-json\/wp\/v2\/types\/post"}],"author":[{"embeddable":true,"href":"http:\/\/rubensvalenzuela.com\/web\/wp-json\/wp\/v2\/users\/1"}],"replies":[{"embeddable":true,"href":"http:\/\/rubensvalenzuela.com\/web\/wp-json\/wp\/v2\/comments?post=212"}],"version-history":[{"count":6,"href":"http:\/\/rubensvalenzuela.com\/web\/wp-json\/wp\/v2\/posts\/212\/revisions"}],"predecessor-version":[{"id":301,"href":"http:\/\/rubensvalenzuela.com\/web\/wp-json\/wp\/v2\/posts\/212\/revisions\/301"}],"wp:featuredmedia":[{"embeddable":true,"href":"http:\/\/rubensvalenzuela.com\/web\/wp-json\/wp\/v2\/media\/219"}],"wp:attachment":[{"href":"http:\/\/rubensvalenzuela.com\/web\/wp-json\/wp\/v2\/media?parent=212"}],"wp:term":[{"taxonomy":"category","embeddable":true,"href":"http:\/\/rubensvalenzuela.com\/web\/wp-json\/wp\/v2\/categories?post=212"},{"taxonomy":"post_tag","embeddable":true,"href":"http:\/\/rubensvalenzuela.com\/web\/wp-json\/wp\/v2\/tags?post=212"},{"taxonomy":"yst_prominent_words","embeddable":true,"href":"http:\/\/rubensvalenzuela.com\/web\/wp-json\/wp\/v2\/yst_prominent_words?post=212"}],"curies":[{"name":"wp","href":"https:\/\/api.w.org\/{rel}","templated":true}]}}