{"id":2144,"date":"2007-09-05T01:25:27","date_gmt":"2007-09-05T04:25:27","guid":{"rendered":"http:\/\/rubensvalenzuela.com\/web\/?p=2144"},"modified":"2013-06-24T01:35:07","modified_gmt":"2013-06-24T04:35:07","slug":"su-ultimo-legado","status":"publish","type":"post","link":"http:\/\/rubensvalenzuela.com\/web\/noticias\/su-ultimo-legado\/","title":{"rendered":"Su \u00faltimo legado"},"content":{"rendered":"<div style=\"display:none;\">\n\u00c9sta es la \u00faltima noticia que voy a escribir de Antonio Puerta. S\u00e9 que para algunos ser\u00e1 un alivio. Yo creo que Antonio se merec\u00eda la cobertura que se le ha dado en este blog y mucho m\u00e1s. S\u00ed, hay mucha gente que muere a diario por causas inhumanas. Pero esto es un blog de f\u00fatbol. Y el martes falleci\u00f3 un futbolista.\n <\/div>\n[wpds-restrict type=\u00bb1,2,3&#8243;]\n<p><img data-recalc-dims=\"1\" fetchpriority=\"high\" decoding=\"async\" src=\"https:\/\/i0.wp.com\/rubensvalenzuela.com\/web\/wp-content\/uploads\/2013\/06\/art75-big.jpg?resize=341%2C371\" alt=\"art75-big\" width=\"341\" height=\"371\" class=\"alignnone size-full wp-image-2145\" \/><\/p>\n<p>\u00c9sta es la \u00faltima noticia que voy a escribir de Antonio Puerta. S\u00e9 que para algunos ser\u00e1 un alivio. Yo creo que Antonio se merec\u00eda la cobertura que se le ha dado en este blog y mucho m\u00e1s. S\u00ed, hay mucha gente que muere a diario por causas inhumanas. Pero esto es un blog de f\u00fatbol. Y el martes falleci\u00f3 un futbolista. <\/p>\n<p>Un chaval de 22 a\u00f1os. Una magn\u00edfica persona. Un jugador que hizo feliz a mucha gente con un zurdazo imborrable para muchos. En cualquier caso, gustos son colores. En mi opini\u00f3n, la grandeza de este chico ha quedado demostrada con el carrusel de reacciones que se han sucedido desde todos los \u00e1mbitos del deporte, incluso del mundo de la pol\u00edtica. Chap\u00f3, en este sentido, por el gobierno, que le ha otorgado la Medalla de Oro al M\u00e9rito Deportivo a t\u00edtulo p\u00f3stumo. Chap\u00f3, tambi\u00e9n, de verdad chap\u00f3, por el FC Barcelona, que impuso un luto emocionante en el Trofeo Joan Gamper, saltando los jugadores blaugranas al campo con la camiseta sevillista de Puerta. <\/p>\n<p>Fue algo demasiado bonito, una iniciativa excesivamente inesperada\u2026 Realmente conmovedora. Los reconocimientos vienen desde todos los puntos del planeta. En Glasgow, en el campo del Celtic, en el encuentro de previa de Liga de Campeones, se guard\u00f3 un impresionante minuto de silencio, porque todo lo que se haga en Celtic Park es impresionante. En Corea del Sur se guardaba otro minuto de silencio, en el partido que la sub 17 jugaba contra Corea del Norte. En Suecia, todo el equipo del Valencia dedic\u00f3 el gol de Helguera con brazos en alto al malogrado futbolista. <\/p>\n<p>En Francia, este fin de semana se guardar\u00e1 un minuto de silencio en todos los partidos de la jornada. En Alemania, el Schalke ha publicado una esquela en el ABC de Sevilla que pone los pelos de punta. Y ha habido mucho m\u00e1s. Pero sin duda con lo que me tengo que quedar es con el abrazo que se dieron Jos\u00e9 Mar\u00eda del Nido y Manuel Ruiz de Lopera, dos personas enfrentadas cada vez m\u00e1s en los \u00faltimos a\u00f1os. Dos personas que echaron pelillos a la mar, que limaron todo tipo de rencillas porque la ocasi\u00f3n lo merec\u00eda. Fue un abrazo sincero, un abrazo de verdad. Posiblemente, ojal\u00e1, suponga un antes y un despu\u00e9s en las relaciones tan crispadas entre los dos equipos de la capital de Andaluc\u00eda. \u00c9se ha sido el mejor legado de Antonio. <\/p>\n<p>Puerta se ha ido dejando concordia por todas partes, reuniendo en pocos metros sentimientos irreconciliables. Llama la atenci\u00f3n, porque Antonio siempre rest\u00f3 importancia a los derbis, nunca realiz\u00f3 una declaraci\u00f3n explosiva, nunca se envolvi\u00f3 en una pol\u00e9mica. S\u00e9 que a muchos le importa un comino lo que cuento. En cualquier caso, creo que esta bonita historia de uni\u00f3n y hermandad que se ha vivido en una ciudad tradicionalmente separada, en una ciudad dual hasta la medula, no s\u00f3lo en el f\u00fatbol, es digna de narrar. Ha sido el \u00faltimo legado de Antonio. <\/p>\n<p>Juan Baeza<br \/>\nwww.notasdefutbol.com <\/p>\n[\/wpds-restrict]\n","protected":false},"excerpt":{"rendered":"<p>\u00c9sta es la \u00faltima noticia que voy a escribir de Antonio Puerta. S\u00e9 que para algunos ser\u00e1 un alivio. Yo creo que Antonio se merec\u00eda la cobertura que se le ha dado en este blog y mucho m\u00e1s. S\u00ed, hay mucha gente que muere a diario por causas inhumanas. Pero esto es un blog de &#8230;<\/p>\n","protected":false},"author":1,"featured_media":2145,"comment_status":"open","ping_status":"open","sticky":false,"template":"","format":"standard","meta":{"_acf_changed":false,"_jetpack_memberships_contains_paid_content":false,"footnotes":"","jetpack_publicize_message":"","jetpack_publicize_feature_enabled":true,"jetpack_social_post_already_shared":false,"jetpack_social_options":{"image_generator_settings":{"template":"highway","default_image_id":0,"font":"","enabled":false},"version":2}},"categories":[5],"tags":[61],"yst_prominent_words":[],"class_list":["post-2144","post","type-post","status-publish","format-standard","has-post-thumbnail","hentry","category-noticias","tag-noticias"],"acf":[],"jetpack_publicize_connections":[],"jetpack_featured_media_url":"https:\/\/i0.wp.com\/rubensvalenzuela.com\/web\/wp-content\/uploads\/2013\/06\/art75-big.jpg?fit=341%2C371","jetpack_likes_enabled":true,"jetpack_sharing_enabled":true,"_links":{"self":[{"href":"http:\/\/rubensvalenzuela.com\/web\/wp-json\/wp\/v2\/posts\/2144","targetHints":{"allow":["GET"]}}],"collection":[{"href":"http:\/\/rubensvalenzuela.com\/web\/wp-json\/wp\/v2\/posts"}],"about":[{"href":"http:\/\/rubensvalenzuela.com\/web\/wp-json\/wp\/v2\/types\/post"}],"author":[{"embeddable":true,"href":"http:\/\/rubensvalenzuela.com\/web\/wp-json\/wp\/v2\/users\/1"}],"replies":[{"embeddable":true,"href":"http:\/\/rubensvalenzuela.com\/web\/wp-json\/wp\/v2\/comments?post=2144"}],"version-history":[{"count":3,"href":"http:\/\/rubensvalenzuela.com\/web\/wp-json\/wp\/v2\/posts\/2144\/revisions"}],"predecessor-version":[{"id":2148,"href":"http:\/\/rubensvalenzuela.com\/web\/wp-json\/wp\/v2\/posts\/2144\/revisions\/2148"}],"wp:featuredmedia":[{"embeddable":true,"href":"http:\/\/rubensvalenzuela.com\/web\/wp-json\/wp\/v2\/media\/2145"}],"wp:attachment":[{"href":"http:\/\/rubensvalenzuela.com\/web\/wp-json\/wp\/v2\/media?parent=2144"}],"wp:term":[{"taxonomy":"category","embeddable":true,"href":"http:\/\/rubensvalenzuela.com\/web\/wp-json\/wp\/v2\/categories?post=2144"},{"taxonomy":"post_tag","embeddable":true,"href":"http:\/\/rubensvalenzuela.com\/web\/wp-json\/wp\/v2\/tags?post=2144"},{"taxonomy":"yst_prominent_words","embeddable":true,"href":"http:\/\/rubensvalenzuela.com\/web\/wp-json\/wp\/v2\/yst_prominent_words?post=2144"}],"curies":[{"name":"wp","href":"https:\/\/api.w.org\/{rel}","templated":true}]}}