{"id":2149,"date":"2007-10-30T01:47:45","date_gmt":"2007-10-30T04:47:45","guid":{"rendered":"http:\/\/rubensvalenzuela.com\/web\/?p=2149"},"modified":"2013-06-24T01:52:04","modified_gmt":"2013-06-24T04:52:04","slug":"unanime-a-brasil-como-sede-para-el-2014","status":"publish","type":"post","link":"http:\/\/rubensvalenzuela.com\/web\/noticias\/unanime-a-brasil-como-sede-para-el-2014\/","title":{"rendered":"Un\u00e1nime a Brasil como sede para el 2014"},"content":{"rendered":"<div style=\"display:none;\">\nLa FIFA proclam\u00f3 a Brasil como sede del Mundial de Futbol de 2014, por lo que el continente americano volver\u00e1 a acoger un certamen que ha organizado en siete ocasiones, la \u00faltima de las cuales en Estados Unidos en 1994, cuando triunf\u00f3 la selecci\u00f3n \u00abverde-amarela\u00bb.\n <\/div>\n[wpds-restrict type=\u00bb1,2,3&#8243;]\n<p><img data-recalc-dims=\"1\" fetchpriority=\"high\" decoding=\"async\" src=\"https:\/\/i0.wp.com\/rubensvalenzuela.com\/web\/wp-content\/uploads\/2013\/06\/art86-big.jpg?resize=550%2C304\" alt=\"art86-big\" width=\"550\" height=\"304\" class=\"alignnone size-full wp-image-2150\" srcset=\"https:\/\/i0.wp.com\/rubensvalenzuela.com\/web\/wp-content\/uploads\/2013\/06\/art86-big.jpg?w=550 550w, https:\/\/i0.wp.com\/rubensvalenzuela.com\/web\/wp-content\/uploads\/2013\/06\/art86-big.jpg?resize=400%2C221 400w\" sizes=\"(max-width: 550px) 100vw, 550px\" \/><\/p>\n<p>La FIFA proclam\u00f3 a Brasil como sede del Mundial de Futbol de 2014, por lo que el continente americano volver\u00e1 a acoger un certamen que ha organizado en siete ocasiones, la \u00faltima de las cuales en Estados Unidos en 1994, cuando triunf\u00f3 la selecci\u00f3n \u00abverde-amarela\u00bb. Brasil, que ha ganado cinco Copas del Mundo y acogi\u00f3 la edici\u00f3n de 1950 -cuando perdi\u00f3 por 1-2 la final ante Uruguay en un partido conocido como el \u00abMaracanazo\u00bb- se present\u00f3 como el \u00fanico candidato a organizar el certamen de 2014, por lo que la FIFA no tuvo mayor problema para darle el visto bueno. <\/p>\n<p>El comit\u00e9 ejecutivo de la Federaci\u00f3n Internacional de Asociaciones de Futbol (FIFA) confirm\u00f3 en Z\u00farich la sede brasile\u00f1a, teniendo en cuenta que Am\u00e9rica deb\u00eda organizar el Mundial de 2014 en atenci\u00f3n al sistema rotativo de continentes dispuesto por el organismo hace siete a\u00f1os y que ya no volver\u00e1 a aplicarse para 2018, seg\u00fan decidi\u00f3 ayer, lunes, el ejecutivo. Tras Sud\u00e1frica 2010, Brasil, el \u00fanico pa\u00eds que ha asistido a las 18 ediciones de los mundiales, acoger\u00e1 uno de los eventos deportivos m\u00e1s grandes del mundo y de la historia, en nombre de Am\u00e9rica Latina, cuna de un \u00abjuego est\u00e9tico\u00bb y regi\u00f3n ganadora de nueve t\u00edtulos. <\/p>\n<p>Brasil, triunfador en 1958, 1962, 1970, 1994 y 2002; Argentina (1978 y 1986) y Uruguay (1930 y 1950) han alzado nueve Copas del Mundo, de la misma manera que las potencias europeas. Italia fue triunfadora en 1934, 1938, 1982 y 2006; Alemania en 1954, 1974 y 1990; Inglaterra en 1966 y Francia en 1998. M\u00e1s all\u00e1 del triste episodio del \u00abMaracanazo\u00bb, los brasile\u00f1os exhiben orgullosos sus cinco t\u00edtulos mundiales y su \u00abjogo bonito\u00bb, y dieron al planeta al considerado mejor futbolista de la historia, Pel\u00e9, quien debut\u00f3 y deslumbr\u00f3 en Suecia&#8217;58, a los 16 a\u00f1os, en la \u00fanica vez en que un equipo americano gan\u00f3 un Mundial en Europa. <\/p>\n<p>Tambi\u00e9n refuerza la candidatura de Brasil el hecho de que no ha albergado dicho evento en 64 a\u00f1os. Alemania esper\u00f3 32 a\u00f1os entre sus mundiales de 1974 y 2006, y M\u00e9xico tan solo 16 entre 1970 y 1986. Desde Uruguay 1930, Brasil 1950, Chile 1962, M\u00e9xico 1970 y 1986, Argentina 1978 y EE.UU. 1994, los equipos americanos han hecho respetar su condici\u00f3n de \u00ablocales\u00bb. Con la sede de 2014, Brasil y M\u00e9xico son los \u00fanicos pa\u00edses americanos con dos mundiales, como lo han hecho Alemania e Italia. Los mexicanos acogieron el certamen de 1986 despu\u00e9s de que Colombia desistiera de organizarlo argumentando razones econ\u00f3micas, aunque la violencia en ese pa\u00eds estuvo como raz\u00f3n de fondo. <\/p>\n<p>El legendario estadio Azteca ha acogido dos finales y consagrado a los mejores futbolistas de todos los tiempos, el brasile\u00f1o Pel\u00e9, en 1970, y el argentino Diego Armando Maradona, en 1986. Adem\u00e1s, en M\u00e9xico 1970 se jug\u00f3 el considerado partido m\u00e1s vibrante de la historia de los mundiales, el que disputaron Alemania e Italia. Y en M\u00e9xico 1986 se anot\u00f3 el gol m\u00e1s hermoso que haya visto el mundo del futbol, el que Maradona marc\u00f3 ante Inglaterra. <\/p>\n<p>Am\u00e9rica tambi\u00e9n cuenta con el m\u00e1ximo goleador de los mundiales, el brasile\u00f1o Ronaldo, con 15 tantos, frente a los 14 del alem\u00e1n Gerd Muller, los 13 del franc\u00e9s Just Fontaine, los 12 de Pel\u00e9 y los 11 del alem\u00e1n J7\/8rgen Klinsmann y el h\u00fangaro S\u00e1ndor Kocsis. Con diez goles aparecen el argentino Gabriel Batistuta, el peruano Te\u00f3filo Cubillas, los alemanes Miroslav Klose y Helmut Rahn, el ingl\u00e9s Gary Lineker y el polaco Grzegorz Lato. El legendario ex portero mexicano Antonio Carbajal se convirti\u00f3 en el primer futbolista del planeta en jugar cinco mundiales (Brasil&#8217;50, Suiza&#8217;54, Suecia&#8217;58, Chile&#8217;62 e Inglaterra&#8217;66), marca igualada despu\u00e9s por el alem\u00e1n Lothar Mattaheus. <\/p>\n<p>Los mundiales \u00abamericanos\u00bb no han estado exentos de controversias pol\u00edticas, como ocurri\u00f3 en Argentina&#8217;78, organizado por una Junta Militar acusada de cometer violaciones a los derechos humanos y de tratar de tapar la represi\u00f3n con el certamen deportivo. Asimismo, la decisi\u00f3n colombiana de desistir de organizar el Mundial de 1986 fue tenida en cuenta por la FIFA para rechazar una nueva postulaci\u00f3n que hizo en julio de 2006 el presidente de Colombia, Alvaro Uribe, quien buscaba que su pa\u00eds fuese designado como sede del certamen de 2014. La designaci\u00f3n de EU, un pa\u00eds sin tradici\u00f3n futbol\u00edstica y hace una d\u00e9cada sin una Liga profesional fuerte, como sede del evento de 1994 desat\u00f3 cr\u00edticas en varios pa\u00edses latinoamericanos, donde se acus\u00f3 a la FIFA de tener en cuenta el poder\u00edo econ\u00f3mico m\u00e1s que los antecedentes deportivos. <\/p>\n[\/wpds-restrict]\n","protected":false},"excerpt":{"rendered":"<p>La FIFA proclam\u00f3 a Brasil como sede del Mundial de Futbol de 2014, por lo que el continente americano volver\u00e1 a acoger un certamen que ha organizado en siete ocasiones, la \u00faltima de las cuales en Estados Unidos en 1994, cuando triunf\u00f3 la selecci\u00f3n \u00abverde-amarela\u00bb. [wpds-restrict type=\u00bb1,2,3&#8243;] La FIFA proclam\u00f3 a Brasil como sede del &#8230;<\/p>\n","protected":false},"author":1,"featured_media":2150,"comment_status":"open","ping_status":"open","sticky":false,"template":"","format":"standard","meta":{"_acf_changed":false,"_jetpack_memberships_contains_paid_content":false,"footnotes":"","jetpack_publicize_message":"","jetpack_publicize_feature_enabled":true,"jetpack_social_post_already_shared":false,"jetpack_social_options":{"image_generator_settings":{"template":"highway","default_image_id":0,"font":"","enabled":false},"version":2}},"categories":[5],"tags":[61],"yst_prominent_words":[],"class_list":["post-2149","post","type-post","status-publish","format-standard","has-post-thumbnail","hentry","category-noticias","tag-noticias"],"acf":[],"jetpack_publicize_connections":[],"jetpack_featured_media_url":"https:\/\/i0.wp.com\/rubensvalenzuela.com\/web\/wp-content\/uploads\/2013\/06\/art86-big.jpg?fit=550%2C304","jetpack_likes_enabled":true,"jetpack_sharing_enabled":true,"_links":{"self":[{"href":"http:\/\/rubensvalenzuela.com\/web\/wp-json\/wp\/v2\/posts\/2149","targetHints":{"allow":["GET"]}}],"collection":[{"href":"http:\/\/rubensvalenzuela.com\/web\/wp-json\/wp\/v2\/posts"}],"about":[{"href":"http:\/\/rubensvalenzuela.com\/web\/wp-json\/wp\/v2\/types\/post"}],"author":[{"embeddable":true,"href":"http:\/\/rubensvalenzuela.com\/web\/wp-json\/wp\/v2\/users\/1"}],"replies":[{"embeddable":true,"href":"http:\/\/rubensvalenzuela.com\/web\/wp-json\/wp\/v2\/comments?post=2149"}],"version-history":[{"count":1,"href":"http:\/\/rubensvalenzuela.com\/web\/wp-json\/wp\/v2\/posts\/2149\/revisions"}],"predecessor-version":[{"id":2151,"href":"http:\/\/rubensvalenzuela.com\/web\/wp-json\/wp\/v2\/posts\/2149\/revisions\/2151"}],"wp:featuredmedia":[{"embeddable":true,"href":"http:\/\/rubensvalenzuela.com\/web\/wp-json\/wp\/v2\/media\/2150"}],"wp:attachment":[{"href":"http:\/\/rubensvalenzuela.com\/web\/wp-json\/wp\/v2\/media?parent=2149"}],"wp:term":[{"taxonomy":"category","embeddable":true,"href":"http:\/\/rubensvalenzuela.com\/web\/wp-json\/wp\/v2\/categories?post=2149"},{"taxonomy":"post_tag","embeddable":true,"href":"http:\/\/rubensvalenzuela.com\/web\/wp-json\/wp\/v2\/tags?post=2149"},{"taxonomy":"yst_prominent_words","embeddable":true,"href":"http:\/\/rubensvalenzuela.com\/web\/wp-json\/wp\/v2\/yst_prominent_words?post=2149"}],"curies":[{"name":"wp","href":"https:\/\/api.w.org\/{rel}","templated":true}]}}