{"id":2281,"date":"2008-12-04T12:25:38","date_gmt":"2008-12-04T15:25:38","guid":{"rendered":"http:\/\/rubensvalenzuela.com\/web\/?p=2281"},"modified":"2013-06-25T12:27:29","modified_gmt":"2013-06-25T15:27:29","slug":"una-imagen-vergonzosa-y-mil-interrogantes","status":"publish","type":"post","link":"http:\/\/rubensvalenzuela.com\/web\/noticias\/una-imagen-vergonzosa-y-mil-interrogantes\/","title":{"rendered":"Una im\u00e1gen vergonzosa y mil interrogantes."},"content":{"rendered":"<div style=\"display:none;\">\nUna imagen vale m\u00e1s que mil palabras, dice el dicho. \u00c9sta que presentamos en este post habla por s\u00ed sola. Ocurri\u00f3 en el choque que protagonizaron en Bratislava Eslovaquia y Polonia. Ultras polacos, de lo peorcito que hay en Europa (basta con ver un partido del Legia o del Wisla), copaban un fondo del estadio en el Tehelne Pole. A\u00fan no hab\u00eda comenzado el encuentro y los radicales polacos ya comenzaron con su recital de bengalas y barbarie, hasta montar un incendio en su fondo. Intervino la polic\u00eda para poner orden y se desat\u00f3 una batalla campal que desencaden\u00f3 en esta cruda fotograf\u00eda, la de un polic\u00eda eslovaco sacando una pistola y apuntando fijamente a los ultras, un polic\u00eda que parece dominar sus impulsos irracionales, aunque siempre nos quedar\u00e1 esa duda razonable. Escalofriante.\n <\/div>\n[wpds-restrict type=\u00bb1,2,3&#8243;]\n<p><img data-recalc-dims=\"1\" fetchpriority=\"high\" decoding=\"async\" src=\"https:\/\/i0.wp.com\/rubensvalenzuela.com\/web\/wp-content\/uploads\/2013\/06\/art203-big.jpg?resize=557%2C333\" alt=\"art203-big\" width=\"557\" height=\"333\" class=\"alignnone size-full wp-image-2282\" srcset=\"https:\/\/i0.wp.com\/rubensvalenzuela.com\/web\/wp-content\/uploads\/2013\/06\/art203-big.jpg?w=557 557w, https:\/\/i0.wp.com\/rubensvalenzuela.com\/web\/wp-content\/uploads\/2013\/06\/art203-big.jpg?resize=400%2C239 400w\" sizes=\"(max-width: 557px) 100vw, 557px\" \/><\/p>\n<p>Una imagen vale m\u00e1s que mil palabras, dice el dicho. \u00c9sta que presentamos en este post habla por s\u00ed sola. Ocurri\u00f3 en el choque que protagonizaron en Bratislava Eslovaquia y Polonia. Ultras polacos, de lo peorcito que hay en Europa (basta con ver un partido del Legia o del Wisla), copaban un fondo del estadio en el Tehelne Pole. A\u00fan no hab\u00eda comenzado el encuentro y los radicales polacos ya comenzaron con su recital de bengalas y barbarie, hasta montar un incendio en su fondo. Intervino la polic\u00eda para poner orden y se desat\u00f3 una batalla campal que desencaden\u00f3 en esta cruda fotograf\u00eda, la de un polic\u00eda eslovaco sacando una pistola y apuntando fijamente a los ultras, un polic\u00eda que parece dominar sus impulsos irracionales, aunque siempre nos quedar\u00e1 esa duda razonable. Escalofriante. <\/p>\n<p>La imagen va a tardar muy poco en dar la vuelta al mundo y refleja, a mi entender, la impotencia que hoy en d\u00eda tiene la polic\u00eda para atajar la violencia de los grupos ultras, tan al alza en los pa\u00edses de Europa del Este. Es una foto, adem\u00e1s, que aviva el debate generado por la sanci\u00f3n de la UEFA al Calder\u00f3n. Explic\u00f3 la organizaci\u00f3n que preside Michel Platini que no se pod\u00eda tolerar el desproporcionado empleo de la fuerza de la polic\u00eda espa\u00f1ola. \u00bfQu\u00e9 dir\u00e1 ahora la UEFA? \u00bfSe mojar\u00e1 o no lo har\u00e1 por tratarse de un encuentro FIFA? \u00bfPromover\u00e1 una sanci\u00f3n ejemplarizante para el estadio de la selecci\u00f3n eslovaca como ha hecho con el Calder\u00f3n? \u00bfEs justo que se sancione a la Federaci\u00f3n de Eslovaquia por los incidentes protagonizados por ultras polacos? \u00bfTiene derecho un polic\u00eda a sacar su revolver en un estadio si ve en peligro su integridad f\u00edsica? \u00bfC\u00f3mo se ha llegado hasta una situaci\u00f3n tan dram\u00e1tica? \u00bfQui\u00e9n gestion\u00f3 las entradas a los radicales polacos, con fama en todo el continente? <\/p>\n<p>Sanciones como las del Atl\u00e9tico de Madrid, con las que impl\u00edcitamente se da cobertura a los radicales ante los cuerpos de seguridad, sientan un peligroso precedente en el concierto europeo. En determinados pa\u00edses europeos el fen\u00f3meno ultra est\u00e1 tomando tintes parecidos al de las barras sudamericanas. Hasta hoy, no obstante, no hab\u00edamos visto una pistola en unas gradas de nuestro continente. Y la verdad es que asusta. A ver qu\u00e9 dice la UEFA, la FIFA o quien corresponda. Puede que vaya siendo hora, por ejemplo, de prohibir los desplazamientos de aficiones conflictivas antes de que la p\u00f3lvora aturda al f\u00fatbol en su propia casa. La pistola del polic\u00eda simboliza una enorme frustraci\u00f3n ante un fen\u00f3meno hasta hoy incontrolable que debe ser abordado, desde ya, con el m\u00e1ximo rigor posible. Por cierto, perdi\u00f3 Polonia. <\/p>\n<p>Juan Baeza. Notas de F\u00fatbol.<\/p>\n[\/wpds-restrict]\n","protected":false},"excerpt":{"rendered":"<p>Una imagen vale m\u00e1s que mil palabras, dice el dicho. \u00c9sta que presentamos en este post habla por s\u00ed sola. Ocurri\u00f3 en el choque que protagonizaron en Bratislava Eslovaquia y Polonia. Ultras polacos, de lo peorcito que hay en Europa (basta con ver un partido del Legia o del Wisla), copaban un fondo del estadio &#8230;<\/p>\n","protected":false},"author":1,"featured_media":2282,"comment_status":"open","ping_status":"open","sticky":false,"template":"","format":"standard","meta":{"_acf_changed":false,"_jetpack_memberships_contains_paid_content":false,"footnotes":"","jetpack_publicize_message":"","jetpack_publicize_feature_enabled":true,"jetpack_social_post_already_shared":false,"jetpack_social_options":{"image_generator_settings":{"template":"highway","default_image_id":0,"font":"","enabled":false},"version":2}},"categories":[5],"tags":[61],"yst_prominent_words":[],"class_list":["post-2281","post","type-post","status-publish","format-standard","has-post-thumbnail","hentry","category-noticias","tag-noticias"],"acf":[],"jetpack_publicize_connections":[],"jetpack_featured_media_url":"https:\/\/i0.wp.com\/rubensvalenzuela.com\/web\/wp-content\/uploads\/2013\/06\/art203-big.jpg?fit=557%2C333","jetpack_likes_enabled":true,"jetpack_sharing_enabled":true,"_links":{"self":[{"href":"http:\/\/rubensvalenzuela.com\/web\/wp-json\/wp\/v2\/posts\/2281","targetHints":{"allow":["GET"]}}],"collection":[{"href":"http:\/\/rubensvalenzuela.com\/web\/wp-json\/wp\/v2\/posts"}],"about":[{"href":"http:\/\/rubensvalenzuela.com\/web\/wp-json\/wp\/v2\/types\/post"}],"author":[{"embeddable":true,"href":"http:\/\/rubensvalenzuela.com\/web\/wp-json\/wp\/v2\/users\/1"}],"replies":[{"embeddable":true,"href":"http:\/\/rubensvalenzuela.com\/web\/wp-json\/wp\/v2\/comments?post=2281"}],"version-history":[{"count":1,"href":"http:\/\/rubensvalenzuela.com\/web\/wp-json\/wp\/v2\/posts\/2281\/revisions"}],"predecessor-version":[{"id":2283,"href":"http:\/\/rubensvalenzuela.com\/web\/wp-json\/wp\/v2\/posts\/2281\/revisions\/2283"}],"wp:featuredmedia":[{"embeddable":true,"href":"http:\/\/rubensvalenzuela.com\/web\/wp-json\/wp\/v2\/media\/2282"}],"wp:attachment":[{"href":"http:\/\/rubensvalenzuela.com\/web\/wp-json\/wp\/v2\/media?parent=2281"}],"wp:term":[{"taxonomy":"category","embeddable":true,"href":"http:\/\/rubensvalenzuela.com\/web\/wp-json\/wp\/v2\/categories?post=2281"},{"taxonomy":"post_tag","embeddable":true,"href":"http:\/\/rubensvalenzuela.com\/web\/wp-json\/wp\/v2\/tags?post=2281"},{"taxonomy":"yst_prominent_words","embeddable":true,"href":"http:\/\/rubensvalenzuela.com\/web\/wp-json\/wp\/v2\/yst_prominent_words?post=2281"}],"curies":[{"name":"wp","href":"https:\/\/api.w.org\/{rel}","templated":true}]}}