{"id":2321,"date":"2009-11-18T15:36:28","date_gmt":"2009-11-18T18:36:28","guid":{"rendered":"http:\/\/rubensvalenzuela.com\/web\/?p=2321"},"modified":"2013-06-25T15:38:00","modified_gmt":"2013-06-25T18:38:00","slug":"el-fallecimiento-de-enke-conmociona-alemania","status":"publish","type":"post","link":"http:\/\/rubensvalenzuela.com\/web\/noticias\/el-fallecimiento-de-enke-conmociona-alemania\/","title":{"rendered":"El fallecimiento de Enke conmociona Alemania."},"content":{"rendered":"<div style=\"display:none;\">\nAl llanto del manager de la selecci\u00f3n, Oliver Bierhoff, en la conferencia de prensa donde se anunci\u00f3 la cancelaci\u00f3n del amistoso contra Chile, sigui\u00f3 por la noche el desfile de rostros desencajados de sus compa\u00f1eros, arropando a la viuda, Teresa, y entre los miles de ciudadanos congregados ante una abarrotada iglesia de Hannover. A Ballack, L\u00f6w y otros miembros de la selecci\u00f3n, as\u00ed como al t\u00e9cnico de los guardametas, Andreas K\u00f6pke, se sum\u00f3 el presidente de la Federaci\u00f3n Alemania de F\u00fatbol (DFB), Theo Zwanziger, quien antes hab\u00eda explicado que ninguno de sus jugadores se sent\u00eda con \u00e1nimos de jugar el s\u00e1bado, lo que hab\u00eda sido aceptado con respeto por Chile. Ballack conoc\u00eda a Enke desde los trece a\u00f1os y el resto del conjunto hab\u00eda compartido mucho con \u00e9l, record\u00f3 Bierhoff.\n <\/div>\n[wpds-restrict type=\u00bb1,2,3&#8243;]\n<p><img data-recalc-dims=\"1\" fetchpriority=\"high\" decoding=\"async\" src=\"https:\/\/i0.wp.com\/rubensvalenzuela.com\/web\/wp-content\/uploads\/2013\/06\/art276-big.jpg?resize=584%2C426\" alt=\"art276-big\" width=\"584\" height=\"426\" class=\"alignnone size-full wp-image-2322\" srcset=\"https:\/\/i0.wp.com\/rubensvalenzuela.com\/web\/wp-content\/uploads\/2013\/06\/art276-big.jpg?w=584 584w, https:\/\/i0.wp.com\/rubensvalenzuela.com\/web\/wp-content\/uploads\/2013\/06\/art276-big.jpg?resize=400%2C291 400w\" sizes=\"(max-width: 584px) 100vw, 584px\" \/><\/p>\n<p>Al llanto del manager de la selecci\u00f3n, Oliver Bierhoff, en la conferencia de prensa donde se anunci\u00f3 la cancelaci\u00f3n del amistoso contra Chile, sigui\u00f3 por la noche el desfile de rostros desencajados de sus compa\u00f1eros, arropando a la viuda, Teresa, y entre los miles de ciudadanos congregados ante una abarrotada iglesia de Hannover. A Ballack, L\u00f6w y otros miembros de la selecci\u00f3n, as\u00ed como al t\u00e9cnico de los guardametas, Andreas K\u00f6pke, se sum\u00f3 el presidente de la Federaci\u00f3n Alemania de F\u00fatbol (DFB), Theo Zwanziger, quien antes hab\u00eda explicado que ninguno de sus jugadores se sent\u00eda con \u00e1nimos de jugar el s\u00e1bado, lo que hab\u00eda sido aceptado con respeto por Chile. Ballack conoc\u00eda a Enke desde los trece a\u00f1os y el resto del conjunto hab\u00eda compartido mucho con \u00e9l, record\u00f3 Bierhoff. <\/p>\n<p>Al emotivo oficio religioso sigui\u00f3 una marcha espont\u00e1nea hasta el estadio de f\u00fatbol de la ciudad para rendir homenaje al jugador. A lo largo de la jornada, miles de ciudadanos convirtieron en un manto de velas, flores y mensajes escritos las inmediaciones del estadio, del paso ferroviario donde se suicid\u00f3 ayer Enke y de la iglesia de la ciudad, donde tuvo lugar un oficio religioso. Alemania se encuentra en estado de shock desde el suicidio ayer de Enke, quien muri\u00f3 arrollado por un tren en un barrio de Hannover y dej\u00f3 escrita una carta de despedida pidiendo perd\u00f3n por su acci\u00f3n desesperada. Los mensajes de duelo han ido del estamento pol\u00edtico, encabezado por la canciller Angela Merkel, al futbol\u00edstico, por parte del presidente de la FIFA, Joseph Blatter.<\/p>\n<p>Para muchos, la imagen de la jornada fueron las l\u00e1grimas de Bierhoff en la conferencia de prensa. Para otros, el rostro contenido de la viuda, Teresa, explicando con voz entrecortada ante la prensa la lucha perdida de su marido contra la depresi\u00f3n. Las explicaciones de la viuda, acompa\u00f1ada por el m\u00e9dico que trat\u00f3 a su esposo, dieron m\u00e1s o menos respuesta a la pregunta que desde ayer se hac\u00eda toda Alemania sobre el porqu\u00e9 de la tr\u00e1gica decisi\u00f3n. Se sab\u00eda que el arquero, ex jugador del Barcelona y del Tenerife, ahora a las \u00f3rdenes del Hannover, sufri\u00f3 un golpe terrible en 2006 con la muerte de su hija Lara, de dos a\u00f1os, tras varias operaciones infructuosas y a consecuencia de una dolencia cong\u00e9nita card\u00edaca. Enke y su mujer adoptaron el pasado mayo una ni\u00f1a, Leila, de ocho meses ahora, pero al parecer ni as\u00ed recuper\u00f3 la alegr\u00eda de vivir. Teresa y el m\u00e9dico, Valentin Makser, revelaron la lucha de Enke contra la depresi\u00f3n recurrente, desde 2003, y c\u00f3mo \u00e9ste ocult\u00f3 su reca\u00edda, hace unos meses, por el temor a perder a su hija adoptada. Enke hab\u00eda estado por primera vez en tratamiento en 2003, despu\u00e9s de su paso por el Barcelona y el Fenerbace Estambul que hab\u00eda generado en \u00e9l un miedo patol\u00f3gico al fracaso. <\/p>\n<p>El jugador, que ha dejado una carta de despedida, ocult\u00f3 a todos la gravedad de su reca\u00edda, en parte tambi\u00e9n por el temor a quedar excluido del Mundial 2010 de Sud\u00e1frica. No hab\u00eda estado en varios partidos internacionales, supuestamente por una infecci\u00f3n intestinal, y tampoco hab\u00eda sido convocado por L\u00f6w para el amistoso contra Chile ni el posterior partido contra Costa de Marfil, cuatro d\u00edas despu\u00e9s. \u00abTen\u00eda p\u00e1nico de perder el f\u00fatbol y de perder a Leila\u00bb, explic\u00f3 Teresa. \u00abPensamos que con amor lo superar\u00edamos. No fue suficiente\u00bb, a\u00f1adi\u00f3. <\/p>\n[\/wpds-restrict]\n","protected":false},"excerpt":{"rendered":"<p>Al llanto del manager de la selecci\u00f3n, Oliver Bierhoff, en la conferencia de prensa donde se anunci\u00f3 la cancelaci\u00f3n del amistoso contra Chile, sigui\u00f3 por la noche el desfile de rostros desencajados de sus compa\u00f1eros, arropando a la viuda, Teresa, y entre los miles de ciudadanos congregados ante una abarrotada iglesia de Hannover. A Ballack, &#8230;<\/p>\n","protected":false},"author":1,"featured_media":2322,"comment_status":"open","ping_status":"open","sticky":false,"template":"","format":"standard","meta":{"_acf_changed":false,"_jetpack_memberships_contains_paid_content":false,"footnotes":"","jetpack_publicize_message":"","jetpack_publicize_feature_enabled":true,"jetpack_social_post_already_shared":false,"jetpack_social_options":{"image_generator_settings":{"template":"highway","default_image_id":0,"font":"","enabled":false},"version":2}},"categories":[5],"tags":[61],"yst_prominent_words":[],"class_list":["post-2321","post","type-post","status-publish","format-standard","has-post-thumbnail","hentry","category-noticias","tag-noticias"],"acf":[],"jetpack_publicize_connections":[],"jetpack_featured_media_url":"https:\/\/i0.wp.com\/rubensvalenzuela.com\/web\/wp-content\/uploads\/2013\/06\/art276-big.jpg?fit=584%2C426","jetpack_likes_enabled":true,"jetpack_sharing_enabled":true,"_links":{"self":[{"href":"http:\/\/rubensvalenzuela.com\/web\/wp-json\/wp\/v2\/posts\/2321","targetHints":{"allow":["GET"]}}],"collection":[{"href":"http:\/\/rubensvalenzuela.com\/web\/wp-json\/wp\/v2\/posts"}],"about":[{"href":"http:\/\/rubensvalenzuela.com\/web\/wp-json\/wp\/v2\/types\/post"}],"author":[{"embeddable":true,"href":"http:\/\/rubensvalenzuela.com\/web\/wp-json\/wp\/v2\/users\/1"}],"replies":[{"embeddable":true,"href":"http:\/\/rubensvalenzuela.com\/web\/wp-json\/wp\/v2\/comments?post=2321"}],"version-history":[{"count":1,"href":"http:\/\/rubensvalenzuela.com\/web\/wp-json\/wp\/v2\/posts\/2321\/revisions"}],"predecessor-version":[{"id":2323,"href":"http:\/\/rubensvalenzuela.com\/web\/wp-json\/wp\/v2\/posts\/2321\/revisions\/2323"}],"wp:featuredmedia":[{"embeddable":true,"href":"http:\/\/rubensvalenzuela.com\/web\/wp-json\/wp\/v2\/media\/2322"}],"wp:attachment":[{"href":"http:\/\/rubensvalenzuela.com\/web\/wp-json\/wp\/v2\/media?parent=2321"}],"wp:term":[{"taxonomy":"category","embeddable":true,"href":"http:\/\/rubensvalenzuela.com\/web\/wp-json\/wp\/v2\/categories?post=2321"},{"taxonomy":"post_tag","embeddable":true,"href":"http:\/\/rubensvalenzuela.com\/web\/wp-json\/wp\/v2\/tags?post=2321"},{"taxonomy":"yst_prominent_words","embeddable":true,"href":"http:\/\/rubensvalenzuela.com\/web\/wp-json\/wp\/v2\/yst_prominent_words?post=2321"}],"curies":[{"name":"wp","href":"https:\/\/api.w.org\/{rel}","templated":true}]}}