{"id":2423,"date":"2010-04-09T17:53:45","date_gmt":"2010-04-09T20:53:45","guid":{"rendered":"http:\/\/rubensvalenzuela.com\/web\/?p=2423"},"modified":"2013-06-25T17:56:32","modified_gmt":"2013-06-25T20:56:32","slug":"chicharito-hernandez-primer-mexicano-enrolado-en-el-manchester-united","status":"publish","type":"post","link":"http:\/\/rubensvalenzuela.com\/web\/noticias\/chicharito-hernandez-primer-mexicano-enrolado-en-el-manchester-united\/","title":{"rendered":"Chicharito Hern\u00e1ndez, primer mexicano enrolado en el Manchester United."},"content":{"rendered":"<div style=\"display:none;\">\nJavier Hern\u00e1ndez Balc\u00e1zar sonriente, con una playera roja que dice Chicharito y el estadio Old Trafford a sus espaldas, fue la postal que este jueves sorprendi\u00f3 y caus\u00f3 alegr\u00eda entre la afici\u00f3n mexicana. La imagen lleg\u00f3 por medio de una teleconferencia desde Inglaterra, donde el jugador, el presidente del Guadalajara, Jorge Vergara, y el directivo brit\u00e1nico David Gill anunciaron el traspaso del delantero rojiblanco al Manchester United, considerado uno de los cinco mejores y m\u00e1s poderosos equipos del orbe.\n <\/div>\n[wpds-restrict type=\u00bb1,2,3&#8243;]\n<p><img data-recalc-dims=\"1\" fetchpriority=\"high\" decoding=\"async\" src=\"https:\/\/i0.wp.com\/rubensvalenzuela.com\/web\/wp-content\/uploads\/2013\/06\/art317-big.jpg?resize=609%2C460\" alt=\"art317-big\" width=\"609\" height=\"460\" class=\"alignnone size-full wp-image-2425\" srcset=\"https:\/\/i0.wp.com\/rubensvalenzuela.com\/web\/wp-content\/uploads\/2013\/06\/art317-big.jpg?w=609 609w, https:\/\/i0.wp.com\/rubensvalenzuela.com\/web\/wp-content\/uploads\/2013\/06\/art317-big.jpg?resize=400%2C302 400w\" sizes=\"(max-width: 609px) 100vw, 609px\" \/><\/p>\n<p>Javier Hern\u00e1ndez Balc\u00e1zar sonriente, con una playera roja que dice Chicharito y el estadio Old Trafford a sus espaldas, fue la postal que este jueves sorprendi\u00f3 y caus\u00f3 alegr\u00eda entre la afici\u00f3n mexicana. La imagen lleg\u00f3 por medio de una teleconferencia desde Inglaterra, donde el jugador, el presidente del Guadalajara, Jorge Vergara, y el directivo brit\u00e1nico David Gill anunciaron el traspaso del delantero rojiblanco al Manchester United, considerado uno de los cinco mejores y m\u00e1s poderosos equipos del orbe. \u201cEstoy llegando al mejor equipo del mundo, espero triunfar y poner el nombre de M\u00e9xico muy en alto. Lo \u00fanico que tengo son palabras de agradecimiento a todo el pa\u00eds, a Jorge Vergara, a Ang\u00e9lica Fuentes y a Chivas por lo que representa. \u201cCreo que es un gran ejemplo de que conf\u00edan en los mexicanos y en la gente joven\u201d, dijo Hern\u00e1ndez sin ocultar la emoci\u00f3n por su traspaso a la Liga Premier. <\/p>\n<p>\u201cEs una experiencia inolvidable y espero que sea el principio de muchos caminos que m\u00e1s mexicanos puedan seguir y vivir este sue\u00f1o\u201d, agreg\u00f3 el nuevo delantero del ManU, quien luego ofreci\u00f3 su primera conferencia de prensa en ingl\u00e9s ante la prensa local. \u201cEs hist\u00f3rico para el futbol mexicano y para Chivas\u201d, sintetiz\u00f3 Vergara, y poco despu\u00e9s, en un comunicado, el nuevo t\u00e9cnico del Chicharito, sir Alex Ferguson, se dijo \u201cencantado de contar con un jugador como Javier, porque es una de las j\u00f3venes promesas en la delantera, tiene una prol\u00edfica carrera con su club y su pa\u00eds. Ser\u00e1 fundamental por su energ\u00eda y ambici\u00f3n dentro del \u00e1rea enemiga\u201d. Venta definitiva El club Guadalajara inform\u00f3 que el traspaso fue \u201cventa definitiva\u201d y especific\u00f3 que \u201clos montos de la negociaci\u00f3n no ser\u00e1n revelados por ambas partes\u201d, aunque la prensa brit\u00e1nica report\u00f3 que el acuerdo habr\u00eda sido por entre 9 y 12 millones de d\u00f3lares. No hubo promotores ni intermediarios en la transacci\u00f3n, que se inici\u00f3 hace m\u00e1s de un mes por inter\u00e9s del club brit\u00e1nico, y fue realizada directamente entre Jorge Vergara y el Manchester United. Chicharito, de 21 a\u00f1os, es canterano de Chivas y debut\u00f3 en la primera divisi\u00f3n en septiembre de 2006, bajo la direcci\u00f3n t\u00e9cnica de Jos\u00e9 Manuel de la Torre. <\/p>\n<p>Desde entonces ha anotado 26 goles, 10 de ellos durante las 12 primeras fechas del reciente torneo Bicentenario. Suma cuatro juegos y cuatro anotaciones con la playera de la selecci\u00f3n nacional y pertenece a una familia ligada al futbol, por ser hijo del ex jugador Javier Ch\u00edcharo Hern\u00e1ndez y nieto de Tom\u00e1s Balc\u00e1zar, leyenda con la playera del Reba\u00f1o Sagrado. Es el primer mexicano en vestir la playera de los Red Devils y, seg\u00fan inform\u00f3 la oficina de prensa del equipo ingl\u00e9s, super\u00f3 la revisi\u00f3n m\u00e9dica. De obtener el permiso de trabajo en el pa\u00eds, \u201cJavier se har\u00e1 jugador del Manchester United a partir del 1\u00ba de julio de 2010\u201d, concluido el Mundial de Sud\u00e1frica 2010. Desde Inglaterra, Vergara anunci\u00f3 que el fichaje de Hern\u00e1ndez es el inicio de varios intercambios del Guadalajara con el cuadro brit\u00e1nico. \u201cSon caminos de mucho aprendizaje, porque vamos a poder tener en Manchester a entrenadores de Chivas, gente del \u00e1rea comercial y otras\u201d. La oficina de prensa del equipo ingl\u00e9s confirm\u00f3 que \u201cse jugar\u00e1 un partido amistoso entre Chicas y Manchester United para inaugurar el nuevo estadio del club tapat\u00edo, con capacidad para 45 mil aficionados. El encuentro formar\u00e1 parte de la pr\u00f3xima pretemporada\u201d. Se prev\u00e9 que se lleve a cabo a finales de julio, en el que Hern\u00e1ndez jugar\u00e1 45 minutos con cada playera. <\/p>\n<p>Con mensaje al futbol mexicano El mundo futbol\u00edstico mexicano se hizo eco este jueves de la noticia y hubo expresiones de todo tipo. Desde Guadalajara, H\u00e9ctor Reynoso se dijo \u201corgulloso\u201d de haber sido compa\u00f1ero de equipo del Chicharito, mientras Aar\u00f3n Galindo remarc\u00f3 sus cualidades y el t\u00e9cnico Jos\u00e9 Luis Real transmiti\u00f3 la emoci\u00f3n del plantel y cuerpo t\u00e9cnico. Efra\u00edn Flores, coordinador de fuerzas b\u00e1sicas de Chivas, dijo v\u00eda telef\u00f3nica que el fichaje de Hern\u00e1ndez env\u00eda un mensaje muy claro al futbol nacional: \u201cQue conf\u00eden. Tenemos que confiar en los j\u00f3venes mexicanos, en el talento que produce nuestro pa\u00eds y en los procesos de continuidad, formativos, con una filosof\u00eda y metodolog\u00eda claras\u201d. Resalt\u00f3 que el Chicharito es el prototipo de jugador que promueve la instituci\u00f3n \u201cporque cumple con todos los requisitos de formaci\u00f3n integral que el Guadalajara trabaja en sus fuerzas b\u00e1sicas\u201d y, aunque advirti\u00f3 que al delantero le tomar\u00e1 tiempo ganarse un lugar en el cuadro titular, confi\u00f3 en la paciencia y fuerza mental de su pupilo en fuerzas b\u00e1sicas y primer equipo. \u201cEs un jugador muy completo. T\u00e9cnica, t\u00e1ctica y sicol\u00f3gicamente re\u00fane el perfil del futbolista que puede estar en Europa. Hay jugadores de la talla de Wayne Rooney con un bagage importante y tendr\u00e1 etiqueta de titular, pero Javier les va a competir\u201d, dijo, y asegur\u00f3 que lograr\u00e1 mantener tres de sus principales virtudes: humildad, disposici\u00f3n al aprendizaje y capacidad de disfrutar del juego. <\/p>\n<p>Peri\u00f3dico La Jornada<\/p>\n[\/wpds-restrict]\n","protected":false},"excerpt":{"rendered":"<p>Javier Hern\u00e1ndez Balc\u00e1zar sonriente, con una playera roja que dice Chicharito y el estadio Old Trafford a sus espaldas, fue la postal que este jueves sorprendi\u00f3 y caus\u00f3 alegr\u00eda entre la afici\u00f3n mexicana. La imagen lleg\u00f3 por medio de una teleconferencia desde Inglaterra, donde el jugador, el presidente del Guadalajara, Jorge Vergara, y el directivo &#8230;<\/p>\n","protected":false},"author":1,"featured_media":2425,"comment_status":"open","ping_status":"open","sticky":false,"template":"","format":"standard","meta":{"_acf_changed":false,"_jetpack_memberships_contains_paid_content":false,"footnotes":"","jetpack_publicize_message":"","jetpack_publicize_feature_enabled":true,"jetpack_social_post_already_shared":false,"jetpack_social_options":{"image_generator_settings":{"template":"highway","default_image_id":0,"font":"","enabled":false},"version":2}},"categories":[5],"tags":[61],"yst_prominent_words":[],"class_list":["post-2423","post","type-post","status-publish","format-standard","has-post-thumbnail","hentry","category-noticias","tag-noticias"],"acf":[],"jetpack_publicize_connections":[],"jetpack_featured_media_url":"https:\/\/i0.wp.com\/rubensvalenzuela.com\/web\/wp-content\/uploads\/2013\/06\/art317-big.jpg?fit=609%2C460","jetpack_likes_enabled":true,"jetpack_sharing_enabled":true,"_links":{"self":[{"href":"http:\/\/rubensvalenzuela.com\/web\/wp-json\/wp\/v2\/posts\/2423","targetHints":{"allow":["GET"]}}],"collection":[{"href":"http:\/\/rubensvalenzuela.com\/web\/wp-json\/wp\/v2\/posts"}],"about":[{"href":"http:\/\/rubensvalenzuela.com\/web\/wp-json\/wp\/v2\/types\/post"}],"author":[{"embeddable":true,"href":"http:\/\/rubensvalenzuela.com\/web\/wp-json\/wp\/v2\/users\/1"}],"replies":[{"embeddable":true,"href":"http:\/\/rubensvalenzuela.com\/web\/wp-json\/wp\/v2\/comments?post=2423"}],"version-history":[{"count":1,"href":"http:\/\/rubensvalenzuela.com\/web\/wp-json\/wp\/v2\/posts\/2423\/revisions"}],"predecessor-version":[{"id":2429,"href":"http:\/\/rubensvalenzuela.com\/web\/wp-json\/wp\/v2\/posts\/2423\/revisions\/2429"}],"wp:featuredmedia":[{"embeddable":true,"href":"http:\/\/rubensvalenzuela.com\/web\/wp-json\/wp\/v2\/media\/2425"}],"wp:attachment":[{"href":"http:\/\/rubensvalenzuela.com\/web\/wp-json\/wp\/v2\/media?parent=2423"}],"wp:term":[{"taxonomy":"category","embeddable":true,"href":"http:\/\/rubensvalenzuela.com\/web\/wp-json\/wp\/v2\/categories?post=2423"},{"taxonomy":"post_tag","embeddable":true,"href":"http:\/\/rubensvalenzuela.com\/web\/wp-json\/wp\/v2\/tags?post=2423"},{"taxonomy":"yst_prominent_words","embeddable":true,"href":"http:\/\/rubensvalenzuela.com\/web\/wp-json\/wp\/v2\/yst_prominent_words?post=2423"}],"curies":[{"name":"wp","href":"https:\/\/api.w.org\/{rel}","templated":true}]}}