{"id":2475,"date":"2011-02-28T18:16:59","date_gmt":"2011-02-28T21:16:59","guid":{"rendered":"http:\/\/rubensvalenzuela.com\/web\/?p=2475"},"modified":"2013-06-25T18:18:19","modified_gmt":"2013-06-25T21:18:19","slug":"se-retira-un-grande","status":"publish","type":"post","link":"http:\/\/rubensvalenzuela.com\/web\/noticias\/se-retira-un-grande\/","title":{"rendered":"Se retira un grande"},"content":{"rendered":"<div style=\"display:none;\">\n\u00abNo aguanto m\u00e1s. Yo quer\u00eda seguir, pero no lo consigo. Pienso en una jugada, pero no puedo ejecutarla como quiero. El tiempo se ha acabado. Ha sido lindo\u00bb, afirma el ex internacional brasile\u00f1o. El atacante dar\u00e1 su \u00faltima rueda de prensa como jugador el lunes 14 de febrero.\n <\/div>\n[wpds-restrict type=\u00bb1,2,3&#8243;]\n<p><img data-recalc-dims=\"1\" fetchpriority=\"high\" decoding=\"async\" src=\"https:\/\/i0.wp.com\/rubensvalenzuela.com\/web\/wp-content\/uploads\/2013\/06\/art363-big.jpg?resize=350%2C345\" alt=\"art363-big\" width=\"350\" height=\"345\" class=\"alignnone size-full wp-image-2477\" srcset=\"https:\/\/i0.wp.com\/rubensvalenzuela.com\/web\/wp-content\/uploads\/2013\/06\/art363-big.jpg?w=350 350w, https:\/\/i0.wp.com\/rubensvalenzuela.com\/web\/wp-content\/uploads\/2013\/06\/art363-big.jpg?resize=70%2C70 70w\" sizes=\"(max-width: 350px) 100vw, 350px\" \/><\/p>\n<p>\u00abNo aguanto m\u00e1s. Yo quer\u00eda seguir, pero no lo consigo. Pienso en una jugada, pero no puedo ejecutarla como quiero. El tiempo se ha acabado. Ha sido lindo\u00bb, afirma el ex internacional brasile\u00f1o. El atacante dar\u00e1 su \u00faltima rueda de prensa como jugador el lunes 14 de febrero.<\/p>\n<p>La para muchos inesperada eliminaci\u00f3n del Corinthians en la fase previa de la Copa Libertadores, a expensas del colombiano Deportes Tolima, provoc\u00f3 una crisis en el equipo de Sao Paulo, que sinti\u00f3 la fuerte presi\u00f3n de una hinchada disconforme, que incluso lleg\u00f3 a apedrear el autob\u00fas del equipo antes de uno de los entrenamientos.<\/p>\n<p>Esa situaci\u00f3n hab\u00eda motivado la salida ayer del experimentado lateral Roberto Carlos, quien por supuestas amenazas contra su vida y la de su familia prefiri\u00f3 abandonar al Corinthians y analizar dos ofertas del exterior, una del Anzhi Makhachkala ruso y otra de Los \u00c1ngeles G\u00e1laxy, de Estados Unidos. El empresario de Ronaldo, Fabiano Farah, indic\u00f3 a la edici\u00f3n digital del diario Folha de Sao Paulo que \u00abla decisi\u00f3n es de \u00e9l, s\u00f3lo de \u00e9l\u00bb.<\/p>\n<p>Sin las mejores condiciones f\u00edsicas, tras una secuela de viejas lesiones y dificultades para alcanzar su peso ideal, Ronaldo pone fin a una brillante carrera futbol\u00edstica que comenz\u00f3 a los 17 a\u00f1os en el Cruzeiro y despu\u00e9s sigui\u00f3 en el PSV Eindhoven holand\u00e9s.<\/p>\n<p>Con la selecci\u00f3n brasile\u00f1a, el \u00abFen\u00f3meno\u00bb disput\u00f3 como suplente el Mundial de Estados Unidos 94, conquistado por Brasil, y luego los campeonatos mundiales de Francia 98, Corea del Sur-Jap\u00f3n 2002 (campe\u00f3n) y Alemania 2006.<\/p>\n[\/wpds-restrict]\n","protected":false},"excerpt":{"rendered":"<p>\u00abNo aguanto m\u00e1s. Yo quer\u00eda seguir, pero no lo consigo. Pienso en una jugada, pero no puedo ejecutarla como quiero. El tiempo se ha acabado. Ha sido lindo\u00bb, afirma el ex internacional brasile\u00f1o. El atacante dar\u00e1 su \u00faltima rueda de prensa como jugador el lunes 14 de febrero. [wpds-restrict type=\u00bb1,2,3&#8243;] \u00abNo aguanto m\u00e1s. Yo quer\u00eda &#8230;<\/p>\n","protected":false},"author":1,"featured_media":2477,"comment_status":"open","ping_status":"open","sticky":false,"template":"","format":"standard","meta":{"_acf_changed":false,"_jetpack_memberships_contains_paid_content":false,"footnotes":"","jetpack_publicize_message":"","jetpack_publicize_feature_enabled":true,"jetpack_social_post_already_shared":false,"jetpack_social_options":{"image_generator_settings":{"template":"highway","default_image_id":0,"font":"","enabled":false},"version":2}},"categories":[5],"tags":[61],"yst_prominent_words":[],"class_list":["post-2475","post","type-post","status-publish","format-standard","has-post-thumbnail","hentry","category-noticias","tag-noticias"],"acf":[],"jetpack_publicize_connections":[],"jetpack_featured_media_url":"https:\/\/i0.wp.com\/rubensvalenzuela.com\/web\/wp-content\/uploads\/2013\/06\/art363-big.jpg?fit=350%2C345","jetpack_likes_enabled":true,"jetpack_sharing_enabled":true,"_links":{"self":[{"href":"http:\/\/rubensvalenzuela.com\/web\/wp-json\/wp\/v2\/posts\/2475","targetHints":{"allow":["GET"]}}],"collection":[{"href":"http:\/\/rubensvalenzuela.com\/web\/wp-json\/wp\/v2\/posts"}],"about":[{"href":"http:\/\/rubensvalenzuela.com\/web\/wp-json\/wp\/v2\/types\/post"}],"author":[{"embeddable":true,"href":"http:\/\/rubensvalenzuela.com\/web\/wp-json\/wp\/v2\/users\/1"}],"replies":[{"embeddable":true,"href":"http:\/\/rubensvalenzuela.com\/web\/wp-json\/wp\/v2\/comments?post=2475"}],"version-history":[{"count":1,"href":"http:\/\/rubensvalenzuela.com\/web\/wp-json\/wp\/v2\/posts\/2475\/revisions"}],"predecessor-version":[{"id":2478,"href":"http:\/\/rubensvalenzuela.com\/web\/wp-json\/wp\/v2\/posts\/2475\/revisions\/2478"}],"wp:featuredmedia":[{"embeddable":true,"href":"http:\/\/rubensvalenzuela.com\/web\/wp-json\/wp\/v2\/media\/2477"}],"wp:attachment":[{"href":"http:\/\/rubensvalenzuela.com\/web\/wp-json\/wp\/v2\/media?parent=2475"}],"wp:term":[{"taxonomy":"category","embeddable":true,"href":"http:\/\/rubensvalenzuela.com\/web\/wp-json\/wp\/v2\/categories?post=2475"},{"taxonomy":"post_tag","embeddable":true,"href":"http:\/\/rubensvalenzuela.com\/web\/wp-json\/wp\/v2\/tags?post=2475"},{"taxonomy":"yst_prominent_words","embeddable":true,"href":"http:\/\/rubensvalenzuela.com\/web\/wp-json\/wp\/v2\/yst_prominent_words?post=2475"}],"curies":[{"name":"wp","href":"https:\/\/api.w.org\/{rel}","templated":true}]}}