{"id":2500,"date":"2012-02-08T18:32:30","date_gmt":"2012-02-08T21:32:30","guid":{"rendered":"http:\/\/rubensvalenzuela.com\/web\/?p=2500"},"modified":"2013-06-25T18:34:06","modified_gmt":"2013-06-25T21:34:06","slug":"las-lagrimas-de-seydou-keita-pidiendo-la-paz-para-su-pais","status":"publish","type":"post","link":"http:\/\/rubensvalenzuela.com\/web\/noticias\/las-lagrimas-de-seydou-keita-pidiendo-la-paz-para-su-pais\/","title":{"rendered":"Las l\u00e1grimas de Seydou Keita pidiendo la paz para su pa\u00eds"},"content":{"rendered":"<div style=\"display:none;\">\nTRAS CLASIFICARSE PARA SEMIFINALES DE LA COPA DE AFRICA.\n <\/div>\n[wpds-restrict type=\u00bb1,2,3&#8243;]\n<p><img data-recalc-dims=\"1\" fetchpriority=\"high\" decoding=\"async\" src=\"https:\/\/i0.wp.com\/rubensvalenzuela.com\/web\/wp-content\/uploads\/2013\/06\/art392-big.jpg?resize=450%2C330\" alt=\"art392-big\" width=\"450\" height=\"330\" class=\"alignnone size-full wp-image-2501\" srcset=\"https:\/\/i0.wp.com\/rubensvalenzuela.com\/web\/wp-content\/uploads\/2013\/06\/art392-big.jpg?w=450 450w, https:\/\/i0.wp.com\/rubensvalenzuela.com\/web\/wp-content\/uploads\/2013\/06\/art392-big.jpg?resize=400%2C293 400w\" sizes=\"(max-width: 450px) 100vw, 450px\" \/><\/p>\n<p><strong>TRAS CLASIFICARSE PARA SEMIFINALES DE LA COPA DE AFRICA<\/strong><\/p>\n<p>Todo el mundo esperaba a un Seydou Keita alegre y feliz tras marcar el gol de penalti que clasificaba a Mali para las semifinales de la Copa de \u00c1frica. Pero el barcelonista lo que estaba era triste.<\/p>\n<p>Seydou Keita compareci\u00f3 en rueda de prensa minutos despu\u00e9s de marcar el penalti decisivo que clasificaba a Mali para las semifinales de la Copa de \u00c1frica. Lo m\u00e1s l\u00f3gico habr\u00eda sido encontrarse con un Keita alegre y feliz por la victoria, la clasificaci\u00f3n y su decisivo gol.<\/p>\n<p>Pero nada m\u00e1s lejos de la realidad. Keita apareci\u00f3 ante los medios de comunicaci\u00f3n llorando. El deporte, el f\u00fatbol, quedaba en segundo plano a la vista de la situaci\u00f3n de guerra civil que vive Mali. \u00abMe gustar\u00eda decirle a mi pueblo, a mi pa\u00eds, que lo que nos est\u00e1 pasando no es normal. No estamos acostumbrados a eso. Lo \u00fanico que pido es la paz. Todos somos mal\u00eds. No es normal que nos matemos entre nosotros\u00bb.<\/p>\n<p>Keita a\u00f1adi\u00f3 que \u00abtengo el miedo en el cuerpo. Lanzo un mensaje al presidente para que haga lo m\u00e1ximo posible para poner fin a esta situaci\u00f3n, que la gente del norte paren ya de matarse entre ellos. No es normal. Esta noche estoy contento por la clasificaci\u00f3n, pero al mismo tiempo estoy triste, muy triste. Hoy deber\u00eda estar contento, pero no es as\u00ed. Estoy triste\u00bb.<\/p>\n<p>Los lamentos de Keita se deben a la ofensiva lanzada desde el pasado 17 de enero por parte de los Touareg, la m\u00e1s grave desde el 2009, que ha provocado que m\u00e1s de 10.000 personas hayan emprendido un forzado \u00e9xodo buscando la paz.<\/p>\n<p>DIARIO SPORT.ES <\/p>\n[\/wpds-restrict]\n","protected":false},"excerpt":{"rendered":"<p>TRAS CLASIFICARSE PARA SEMIFINALES DE LA COPA DE AFRICA. [wpds-restrict type=\u00bb1,2,3&#8243;] TRAS CLASIFICARSE PARA SEMIFINALES DE LA COPA DE AFRICA Todo el mundo esperaba a un Seydou Keita alegre y feliz tras marcar el gol de penalti que clasificaba a Mali para las semifinales de la Copa de \u00c1frica. Pero el barcelonista lo que estaba &#8230;<\/p>\n","protected":false},"author":1,"featured_media":2501,"comment_status":"open","ping_status":"open","sticky":false,"template":"","format":"standard","meta":{"_acf_changed":false,"_jetpack_memberships_contains_paid_content":false,"footnotes":"","jetpack_publicize_message":"","jetpack_publicize_feature_enabled":true,"jetpack_social_post_already_shared":false,"jetpack_social_options":{"image_generator_settings":{"template":"highway","default_image_id":0,"font":"","enabled":false},"version":2}},"categories":[5],"tags":[61],"yst_prominent_words":[],"class_list":["post-2500","post","type-post","status-publish","format-standard","has-post-thumbnail","hentry","category-noticias","tag-noticias"],"acf":[],"jetpack_publicize_connections":[],"jetpack_featured_media_url":"https:\/\/i0.wp.com\/rubensvalenzuela.com\/web\/wp-content\/uploads\/2013\/06\/art392-big.jpg?fit=450%2C330","jetpack_likes_enabled":true,"jetpack_sharing_enabled":true,"_links":{"self":[{"href":"http:\/\/rubensvalenzuela.com\/web\/wp-json\/wp\/v2\/posts\/2500","targetHints":{"allow":["GET"]}}],"collection":[{"href":"http:\/\/rubensvalenzuela.com\/web\/wp-json\/wp\/v2\/posts"}],"about":[{"href":"http:\/\/rubensvalenzuela.com\/web\/wp-json\/wp\/v2\/types\/post"}],"author":[{"embeddable":true,"href":"http:\/\/rubensvalenzuela.com\/web\/wp-json\/wp\/v2\/users\/1"}],"replies":[{"embeddable":true,"href":"http:\/\/rubensvalenzuela.com\/web\/wp-json\/wp\/v2\/comments?post=2500"}],"version-history":[{"count":1,"href":"http:\/\/rubensvalenzuela.com\/web\/wp-json\/wp\/v2\/posts\/2500\/revisions"}],"predecessor-version":[{"id":2502,"href":"http:\/\/rubensvalenzuela.com\/web\/wp-json\/wp\/v2\/posts\/2500\/revisions\/2502"}],"wp:featuredmedia":[{"embeddable":true,"href":"http:\/\/rubensvalenzuela.com\/web\/wp-json\/wp\/v2\/media\/2501"}],"wp:attachment":[{"href":"http:\/\/rubensvalenzuela.com\/web\/wp-json\/wp\/v2\/media?parent=2500"}],"wp:term":[{"taxonomy":"category","embeddable":true,"href":"http:\/\/rubensvalenzuela.com\/web\/wp-json\/wp\/v2\/categories?post=2500"},{"taxonomy":"post_tag","embeddable":true,"href":"http:\/\/rubensvalenzuela.com\/web\/wp-json\/wp\/v2\/tags?post=2500"},{"taxonomy":"yst_prominent_words","embeddable":true,"href":"http:\/\/rubensvalenzuela.com\/web\/wp-json\/wp\/v2\/yst_prominent_words?post=2500"}],"curies":[{"name":"wp","href":"https:\/\/api.w.org\/{rel}","templated":true}]}}