{"id":3833,"date":"2019-09-03T13:45:24","date_gmt":"2019-09-03T16:45:24","guid":{"rendered":"http:\/\/rubensvalenzuela.com\/web\/?p=3833"},"modified":"2019-09-03T13:45:24","modified_gmt":"2019-09-03T16:45:24","slug":"dembele-el-caos-como-definicion","status":"publish","type":"post","link":"http:\/\/rubensvalenzuela.com\/web\/noticias\/dembele-el-caos-como-definicion\/","title":{"rendered":"Dembele: El caos como definici\u00f3n"},"content":{"rendered":"<p>La historia de la \u00faltima lesi\u00f3n del delantero franc\u00e9s tiene todos los elementos de un vodevil, con el jugador escondiendo sus molestias y los m\u00e9dicos desconcertados.<\/p>\n<p><strong>\u00a0<\/strong><strong>Diario As. <\/strong><\/p>\n<p><img data-recalc-dims=\"1\" fetchpriority=\"high\" decoding=\"async\" class=\"aligncenter size-full wp-image-3834\" src=\"https:\/\/i0.wp.com\/rubensvalenzuela.com\/web\/wp-content\/uploads\/2019\/09\/dembele.jpg?resize=620%2C349\" alt=\"\" width=\"620\" height=\"349\" srcset=\"https:\/\/i0.wp.com\/rubensvalenzuela.com\/web\/wp-content\/uploads\/2019\/09\/dembele.jpg?w=720 720w, https:\/\/i0.wp.com\/rubensvalenzuela.com\/web\/wp-content\/uploads\/2019\/09\/dembele.jpg?resize=400%2C225 400w\" sizes=\"(max-width: 620px) 100vw, 620px\" \/><\/p>\n<p>&nbsp;<\/p>\n<p><strong>Mucho se ha escrito respecto a la llegada de Antoine Griezmann a la plantilla y la influencia positiva que podr\u00eda tener sobre Ousmane Demb\u00e9l\u00e9.<\/strong> Las im\u00e1genes del joven delantero franc\u00e9s m\u00e1s risue\u00f1o y con una sonrisa permanente en el rostro invitaban a pensar que Demb\u00e9l\u00e9 hab\u00eda encontrado por fin la horma de su zapato. Sin embargo, la realidad acaba poniendo a cada uno en su sitio y las esperanzas de un nuevo Demb\u00e9l\u00e9 se han derribado como un castillo de naipes tras su \u00faltimo episodio.<\/p>\n<p><strong>Resulta que Demb\u00e9l\u00e9 empez\u00f3 a sentir unas molestias en la parte posterior de su muslo izquierdo al final del partido en San Mam\u00e9s.<\/strong> El m\u00e9dico del FC Barcelona, <strong>Xavi Yanguas<\/strong>, se dio cuenta de los problemas del jugador y le pregunt\u00f3 si todo iba bien, teniendo r\u00e1pidamente el signo positivo del jugador. Cuando acab\u00f3 el partido, el galeno se dirigi\u00f3 a Demb\u00e9l\u00e9 para preguntarle por sus sensaciones y Ousmane asegur\u00f3 que se trataba s\u00f3lo de una rampa y que estaba bien. <strong>Yanguas quiso curarse en salud y le inst\u00f3 a realizar una ecograf\u00eda el d\u00eda siguiente para cerciorarse del alcance de esas molestias<\/strong> -m\u00e1xime teniendo en cuenta los antecedentes de lesiones del jugador en los isquiotibiales-, <strong>pero el delantero franc\u00e9s insisti\u00f3 que no era nada y le prometi\u00f3 que si no se le marchaban las molestias al d\u00eda siguiente llamar\u00eda para pasar las pruebas.<\/strong><\/p>\n<p>No sabemos si los dolores remitieron o no, pero lo cierto es que <strong>Demb\u00e9l\u00e9 no llam\u00f3<\/strong>. El motivo de su insistencia por no someterse a las pruebas el s\u00e1bado es porque <strong>ten\u00eda un viaje de fin de semana cerrado al Senegal y no quer\u00eda perd\u00e9rselo bajo ning\u00fan concepto.<\/strong><\/p>\n<p>Pero esta clara muestra de irresponsabilidad del jugador a\u00fan ten\u00eda que vivir un \u00faltimo cap\u00edtulo. <strong>Tras disfrutar de dos d\u00edas y medio de fiesta, Demb\u00e9l\u00e9 lleg\u00f3 al entrenamiento vespertino sin informar a los galenos que a\u00fan ten\u00eda dolor.<\/strong> De hecho, el delantero empez\u00f3 el entrenamiento como si no hubiera pasado nada. No fue hasta que llegaron los rondos cuando los dolores en la parte posterior de su muslo izquierdo se intensificaron, teniendo que parar y dar por concluida la sesi\u00f3n, ante la mirada estupefacta de <strong>Ernesto Valverde<\/strong> que no entend\u00eda nada.<\/p>\n<p><strong>Las pruebas a las que se someti\u00f3 confirmaron una rotura fibrilar de m\u00e1s de cuatro cent\u00edmetros en el b\u00edceps femoral de la pierna izquierda<\/strong> y <a href=\"https:\/\/as.com\/futbol\/2019\/08\/19\/primera\/1566243699_348396.html?autoplay=1\">un tiempo no inferior de cinco semanas de baja<\/a>. No hace falta decir el cabreo monumental de Valverde, y por extensi\u00f3n por parte de todo el club, cuando le dieron el parte de la lesi\u00f3n del jugador, sobre todo pensando en las bajas que tiene en la l\u00ednea de ataque para preparar el partido ante el <strong>Betis<\/strong>.<\/p>\n<p>Lo que est\u00e1 claro es que Demb\u00e9l\u00e9 <strong>sigue sin aprender la lecci\u00f3n<\/strong>. Sus numerosos actos de indisciplina, su err\u00e1tica conducta, su poca profesionalidad en la alimentaci\u00f3n, su ca\u00f3tica vida extradeportiva y sus recurrentes lesiones le est\u00e1n llevando directamente a un callej\u00f3n sin salida.<\/p>\n","protected":false},"excerpt":{"rendered":"<p>La historia de la \u00faltima lesi\u00f3n del delantero franc\u00e9s tiene todos los elementos de un vodevil, con el jugador escondiendo sus molestias y los m\u00e9dicos desconcertados. \u00a0Diario As. &nbsp; Mucho se ha escrito respecto a la llegada de Antoine Griezmann a la plantilla y la influencia positiva que podr\u00eda tener sobre Ousmane Demb\u00e9l\u00e9. Las im\u00e1genes &#8230;<\/p>\n","protected":false},"author":1,"featured_media":3834,"comment_status":"open","ping_status":"open","sticky":false,"template":"","format":"standard","meta":{"_acf_changed":false,"_jetpack_memberships_contains_paid_content":false,"footnotes":"","jetpack_publicize_message":"","jetpack_publicize_feature_enabled":true,"jetpack_social_post_already_shared":false,"jetpack_social_options":{"image_generator_settings":{"template":"highway","default_image_id":0,"font":"","enabled":false},"version":2}},"categories":[5],"tags":[61],"yst_prominent_words":[467,464,466,472,469,475,105,103,386,468,474,465,471,97,473,463,462,470,437,476],"class_list":["post-3833","post","type-post","status-publish","format-standard","has-post-thumbnail","hentry","category-noticias","tag-noticias"],"acf":[],"jetpack_publicize_connections":[],"jetpack_featured_media_url":"https:\/\/i0.wp.com\/rubensvalenzuela.com\/web\/wp-content\/uploads\/2019\/09\/dembele.jpg?fit=720%2C405","jetpack_likes_enabled":true,"jetpack_sharing_enabled":true,"_links":{"self":[{"href":"http:\/\/rubensvalenzuela.com\/web\/wp-json\/wp\/v2\/posts\/3833","targetHints":{"allow":["GET"]}}],"collection":[{"href":"http:\/\/rubensvalenzuela.com\/web\/wp-json\/wp\/v2\/posts"}],"about":[{"href":"http:\/\/rubensvalenzuela.com\/web\/wp-json\/wp\/v2\/types\/post"}],"author":[{"embeddable":true,"href":"http:\/\/rubensvalenzuela.com\/web\/wp-json\/wp\/v2\/users\/1"}],"replies":[{"embeddable":true,"href":"http:\/\/rubensvalenzuela.com\/web\/wp-json\/wp\/v2\/comments?post=3833"}],"version-history":[{"count":1,"href":"http:\/\/rubensvalenzuela.com\/web\/wp-json\/wp\/v2\/posts\/3833\/revisions"}],"predecessor-version":[{"id":3835,"href":"http:\/\/rubensvalenzuela.com\/web\/wp-json\/wp\/v2\/posts\/3833\/revisions\/3835"}],"wp:featuredmedia":[{"embeddable":true,"href":"http:\/\/rubensvalenzuela.com\/web\/wp-json\/wp\/v2\/media\/3834"}],"wp:attachment":[{"href":"http:\/\/rubensvalenzuela.com\/web\/wp-json\/wp\/v2\/media?parent=3833"}],"wp:term":[{"taxonomy":"category","embeddable":true,"href":"http:\/\/rubensvalenzuela.com\/web\/wp-json\/wp\/v2\/categories?post=3833"},{"taxonomy":"post_tag","embeddable":true,"href":"http:\/\/rubensvalenzuela.com\/web\/wp-json\/wp\/v2\/tags?post=3833"},{"taxonomy":"yst_prominent_words","embeddable":true,"href":"http:\/\/rubensvalenzuela.com\/web\/wp-json\/wp\/v2\/yst_prominent_words?post=3833"}],"curies":[{"name":"wp","href":"https:\/\/api.w.org\/{rel}","templated":true}]}}