{"id":4389,"date":"2021-07-08T14:07:35","date_gmt":"2021-07-08T17:07:35","guid":{"rendered":"http:\/\/rubensvalenzuela.com\/web\/?p=4389"},"modified":"2021-07-08T14:09:09","modified_gmt":"2021-07-08T17:09:09","slug":"el-buen-y-el-mal-perder","status":"publish","type":"post","link":"http:\/\/rubensvalenzuela.com\/web\/articulos\/articulos-periodisticos\/el-buen-y-el-mal-perder\/","title":{"rendered":"El buen y el mal perder"},"content":{"rendered":"\n<figure class=\"wp-block-image size-full\"><img data-recalc-dims=\"1\" fetchpriority=\"high\" decoding=\"async\" width=\"620\" height=\"346\" src=\"https:\/\/i0.wp.com\/rubensvalenzuela.com\/web\/wp-content\/uploads\/2021\/07\/Imagen-2.png?resize=620%2C346\" alt=\"\" class=\"wp-image-4390\" srcset=\"https:\/\/i0.wp.com\/rubensvalenzuela.com\/web\/wp-content\/uploads\/2021\/07\/Imagen-2.png?w=1125 1125w, https:\/\/i0.wp.com\/rubensvalenzuela.com\/web\/wp-content\/uploads\/2021\/07\/Imagen-2.png?resize=400%2C223 400w, https:\/\/i0.wp.com\/rubensvalenzuela.com\/web\/wp-content\/uploads\/2021\/07\/Imagen-2.png?resize=1024%2C571 1024w, https:\/\/i0.wp.com\/rubensvalenzuela.com\/web\/wp-content\/uploads\/2021\/07\/Imagen-2.png?resize=768%2C428 768w\" sizes=\"(max-width: 620px) 100vw, 620px\" \/><\/figure>\n\n\n\n<p><strong>EJEMPLOS DE CROACIA, FRANCIA Y ESPA\u00d1A<\/strong><\/p>\n\n\n\n<p>Croacia&nbsp;perdi\u00f3 ante&nbsp;Espa\u00f1a&nbsp;la posibilidad de seguir en la&nbsp;Eurocopa&nbsp;y las declaraciones, por ejemplo, de&nbsp;Luka Modric&nbsp;fueron impecables. Tambi\u00e9n las actitudes. El propio presidente de la Federaci\u00f3n croata,&nbsp;Davor&nbsp;Suker, ex jugador del&nbsp;Sevilla&nbsp;y del&nbsp;Madrid, lament\u00f3 la eliminaci\u00f3n, pero destac\u00f3 el car\u00e1cter de su equipo, en positivo: \u201cEl mundo entero nos vuelve a admirar. Enhorabuena, contra Espa\u00f1a hicimos otro partido espectacular\u201d, declar\u00f3. El buen tono de los subcampeones del mundo al perder contrasta mucho con el mal perder de los franceses que destaparon toda una serie de desprop\u00f3sitos, rencillas y mal ambiente en la selecci\u00f3n campeona del mundo.<\/p>\n\n\n\n<p>El vestuario de los \u2018bleus\u2019\u00a0era un foco de tensiones, no provocadas por la presencia de\u00a0Benzema, sino por el enfrentamiento entre\u00a0Mbapp\u00e9\u00a0y\u00a0Giroud\u00a0tras acusar este veladamente a\u00a0Kylian\u00a0de no pasarle el bal\u00f3n en un amistoso ante\u00a0Bulgaria.\u00a0Mbapp\u00e9\u00a0se quej\u00f3 de haber ido antes a la prensa que a hablar cara a cara con \u00e9l y ah\u00ed ya se produjo una divisi\u00f3n entre los jugadores. Tambi\u00e9n se not\u00f3 en exceso la lesi\u00f3n de\u00a0Demb\u00e9l\u00e9, aglutinador en un vestuario dif\u00edcil que no acept\u00f3 de buen grado las restricciones impuestas a las visitas de los familiares. Adem\u00e1s, la madre de\u00a0Rabiot,\u00a0Veronique, increp\u00f3 al entorno de\u00a0Pogba\u00a0por haber perdido el bal\u00f3n que supuso el 3-3 de los suizos y a los de\u00a0Mbapp\u00e9\u00a0por fallar el penalti. No era la primera vez en la que la madre del jugador se significaba, ya que sigue muy de cerca la carrera de su hijo.<\/p>\n\n\n\n<p>En&nbsp;Francia, campeona del mundo,&nbsp;se ha visto que hab\u00eda un aut\u00e9ntico polvor\u00edn tras perder contra&nbsp;Suiza, mientras en&nbsp;Croacia, subcampeona del mundo, se ha dado un ejemplo de saber perder. Las cr\u00edticas a&nbsp;Mbapp\u00e9&nbsp;han sido notorias, aunque seguramente lo peor es encajar tres goles y los malos gestos de&nbsp;Coman&nbsp;con el fisio y el t\u00e9cnico al ser sustituido. El efecto de equipo sobrado despu\u00e9s del 3-1, golazo de&nbsp;Pogba&nbsp;, tambi\u00e9n fue causa de la derrota final de un grupo campe\u00f3n en el que se ha destapado el mal rollo encubierto en el triunfo.<\/p>\n\n\n\n<p>La selecci\u00f3n espa\u00f1ola qued\u00f3 anoche eliminada en las semifinales de la Eurocopa de f\u00fatbol tras caer en la tanda de penaltis ante Italia. De forma injusta, todo hay que decirlo: la Roja fue mejor y mereci\u00f3 ganar de largo el partido, pero el f\u00fatbol y el deporte es lo que tienen. Pasaron muchas cosas, pero una de las que m\u00e1s valoraron los tuiteros y los medios en general fue el discurso de Luis Enrique tras el partido. El seleccionador espa\u00f1ol mostr\u00f3 una sobriedad en la derrota con un mensaje muy celebrado, tanto como el de Cholo Simeone tras perder la final de la Champions en el \u00faltimo minuto en 2014. \u00abTen\u00e9s todo, y ten\u00e9s nada\u00bb, dijo entonces Cholo Simeone, condensando en esa escueta frase toda una lecci\u00f3n sobre lo ef\u00edmeras que pueden ser las victorias.<\/p>\n\n\n\n<p>Luis Enrique se explay\u00f3 algo m\u00e1s, pero sus palabras tambi\u00e9n son para enmarcar, sobre todo porque ense\u00f1an c\u00f3mo comportarse en la derrota. \u00abNo es una noche triste, hay que saber convivir con la victoria y con la derrota. Yo estoy cansado de ver torneos de alevines e infantiles viendo llorar a los ni\u00f1os, y no s\u00e9 por qu\u00e9 lloran. En el deporte hay que saber ganar y perder. Es m\u00e1s, se aprende m\u00e1s perdiendo. Los jugadores est\u00e1n fastidiados, evidentemente, pero hay que empezar a gestionar la derrota de otra manera. En la derrota hay que felicitar al rival, evidentemente, porque te ha ganado, e independientemente de que lo haya merecido m\u00e1s o menos. Hay que ense\u00f1ar a los ni\u00f1os peque\u00f1os que cuando se pierde no hay que llorar, lo que hay que hacer es levantarse, volver a intentarlo en el siguiente campeonato y felicitar al que ha ganado\u00bb.<\/p>\n","protected":false},"excerpt":{"rendered":"<p>EJEMPLOS DE CROACIA, FRANCIA Y ESPA\u00d1A Croacia&nbsp;perdi\u00f3 ante&nbsp;Espa\u00f1a&nbsp;la posibilidad de seguir en la&nbsp;Eurocopa&nbsp;y las declaraciones, por ejemplo, de&nbsp;Luka Modric&nbsp;fueron impecables. Tambi\u00e9n las actitudes. El propio presidente de la Federaci\u00f3n croata,&nbsp;Davor&nbsp;Suker, ex jugador del&nbsp;Sevilla&nbsp;y del&nbsp;Madrid, lament\u00f3 la eliminaci\u00f3n, pero destac\u00f3 el car\u00e1cter de su equipo, en positivo: \u201cEl mundo entero nos vuelve a admirar. Enhorabuena, contra &#8230;<\/p>\n","protected":false},"author":1,"featured_media":4390,"comment_status":"open","ping_status":"open","sticky":false,"template":"","format":"standard","meta":{"_acf_changed":false,"_jetpack_memberships_contains_paid_content":false,"footnotes":"","jetpack_publicize_message":"","jetpack_publicize_feature_enabled":true,"jetpack_social_post_already_shared":false,"jetpack_social_options":{"image_generator_settings":{"template":"highway","default_image_id":0,"font":"","enabled":false},"version":2}},"categories":[21],"tags":[],"yst_prominent_words":[441,82,74,239,80,105,81,97,78],"class_list":["post-4389","post","type-post","status-publish","format-standard","has-post-thumbnail","hentry","category-articulos-periodisticos"],"acf":[],"jetpack_publicize_connections":[],"jetpack_featured_media_url":"https:\/\/i0.wp.com\/rubensvalenzuela.com\/web\/wp-content\/uploads\/2021\/07\/Imagen-2.png?fit=1125%2C627","jetpack_likes_enabled":true,"jetpack_sharing_enabled":true,"_links":{"self":[{"href":"http:\/\/rubensvalenzuela.com\/web\/wp-json\/wp\/v2\/posts\/4389","targetHints":{"allow":["GET"]}}],"collection":[{"href":"http:\/\/rubensvalenzuela.com\/web\/wp-json\/wp\/v2\/posts"}],"about":[{"href":"http:\/\/rubensvalenzuela.com\/web\/wp-json\/wp\/v2\/types\/post"}],"author":[{"embeddable":true,"href":"http:\/\/rubensvalenzuela.com\/web\/wp-json\/wp\/v2\/users\/1"}],"replies":[{"embeddable":true,"href":"http:\/\/rubensvalenzuela.com\/web\/wp-json\/wp\/v2\/comments?post=4389"}],"version-history":[{"count":2,"href":"http:\/\/rubensvalenzuela.com\/web\/wp-json\/wp\/v2\/posts\/4389\/revisions"}],"predecessor-version":[{"id":4393,"href":"http:\/\/rubensvalenzuela.com\/web\/wp-json\/wp\/v2\/posts\/4389\/revisions\/4393"}],"wp:featuredmedia":[{"embeddable":true,"href":"http:\/\/rubensvalenzuela.com\/web\/wp-json\/wp\/v2\/media\/4390"}],"wp:attachment":[{"href":"http:\/\/rubensvalenzuela.com\/web\/wp-json\/wp\/v2\/media?parent=4389"}],"wp:term":[{"taxonomy":"category","embeddable":true,"href":"http:\/\/rubensvalenzuela.com\/web\/wp-json\/wp\/v2\/categories?post=4389"},{"taxonomy":"post_tag","embeddable":true,"href":"http:\/\/rubensvalenzuela.com\/web\/wp-json\/wp\/v2\/tags?post=4389"},{"taxonomy":"yst_prominent_words","embeddable":true,"href":"http:\/\/rubensvalenzuela.com\/web\/wp-json\/wp\/v2\/yst_prominent_words?post=4389"}],"curies":[{"name":"wp","href":"https:\/\/api.w.org\/{rel}","templated":true}]}}