{"id":4651,"date":"2021-10-08T12:48:18","date_gmt":"2021-10-08T15:48:18","guid":{"rendered":"http:\/\/rubensvalenzuela.com\/web\/?p=4651"},"modified":"2021-10-11T10:01:47","modified_gmt":"2021-10-11T13:01:47","slug":"gavi-se-convierte-en-el-internacional-espanol-mas-joven-de-la-historia-al-jugar-la-semifinal-de-la-nations-league","status":"publish","type":"post","link":"http:\/\/rubensvalenzuela.com\/web\/noticias\/gavi-se-convierte-en-el-internacional-espanol-mas-joven-de-la-historia-al-jugar-la-semifinal-de-la-nations-league\/","title":{"rendered":"Gavi se convierte en el internacional espa\u00f1ol m\u00e1s joven de la historia al jugar la semifinal de la Nations League"},"content":{"rendered":"\n<p><strong>SELECCI\u00d3N ESPA\u00d1OLA.<\/strong><\/p>\n\n\n\n<p>Con 17 a\u00f1os y 62 d\u00edas rompe el r\u00e9cord de Zubieta de 1936.<\/p>\n\n\n\n<p>06\/10\/2021.<\/p>\n\n\n\n<figure class=\"wp-block-image size-full\"><img data-recalc-dims=\"1\" fetchpriority=\"high\" decoding=\"async\" width=\"620\" height=\"415\" src=\"https:\/\/i0.wp.com\/rubensvalenzuela.com\/web\/wp-content\/uploads\/2021\/10\/FBClbicVgAQaCY2.jpeg?resize=620%2C415\" alt=\"\" class=\"wp-image-4656\" srcset=\"https:\/\/i0.wp.com\/rubensvalenzuela.com\/web\/wp-content\/uploads\/2021\/10\/FBClbicVgAQaCY2.jpeg?w=1200 1200w, https:\/\/i0.wp.com\/rubensvalenzuela.com\/web\/wp-content\/uploads\/2021\/10\/FBClbicVgAQaCY2.jpeg?resize=400%2C268 400w, https:\/\/i0.wp.com\/rubensvalenzuela.com\/web\/wp-content\/uploads\/2021\/10\/FBClbicVgAQaCY2.jpeg?resize=1024%2C685 1024w, https:\/\/i0.wp.com\/rubensvalenzuela.com\/web\/wp-content\/uploads\/2021\/10\/FBClbicVgAQaCY2.jpeg?resize=768%2C514 768w\" sizes=\"(max-width: 620px) 100vw, 620px\" \/><\/figure>\n\n\n\n<p>El sentido com\u00fan quiz\u00e1 pueda llevar a cierta desconfianza. Gavi ha pasado en apenas a\u00f1o y medio de jugar en el cadete A del Barcelona a ser titular en la Champions con el primer equipo del club azulgrana. Pero tambi\u00e9n a ser convocado por&nbsp;<strong>Luis Enrique<\/strong>&nbsp;para la selecci\u00f3n espa\u00f1ola absoluta. Sin haber pasado siquiera por la selecci\u00f3n sub-21 ni la sub-19. Jugando s\u00f3lo tres amistosos con la sub-18. Con la disputa de esta Final Four de la Nations League, Gavi, con el dorsal 9, se convierte en el debutante m\u00e1s joven de la historia del combinado nacional. Contra Italia el centrocampista tiene 17 a\u00f1os y 62 d\u00edas. Cae el r\u00e9cord de&nbsp;<strong>\u00c1ngel Zubieta<\/strong>&nbsp;de 1936, cuando \u00e9ste jug\u00f3 un amistoso con 17 a\u00f1os y 284 d\u00edas.<\/p>\n\n\n\n<p>Se esforz\u00f3 el Barcelona en que Gavi hiciera refuerzo en sus estudios por las tardes. Le costaba, aunque insist\u00eda. \u00abPero es que \u00e9l es un enfermo del f\u00fatbol\u00bb, responden fuentes del f\u00fatbol formativo azulgrana. Y recuerdan c\u00f3mo no hab\u00eda d\u00eda en que no lo encontraran junto a una carpa, detr\u00e1s del campo 9 de la Ciutat Esportiva, d\u00e1ndole al bal\u00f3n fuera de las horas de entrenamiento. Tirando penaltis. Faltas. Lo que fuera.<\/p>\n\n\n\n<p><strong>\u201cSoy un jugador t\u00e9cnico, \u00e1gil y con llegada\u201d<\/strong>. As\u00ed se define&nbsp;<strong>Pablo P\u00e1ez Gavira<\/strong>, m\u00e1s conocido en el mundo del f\u00fatbol como&nbsp;<strong>Gavi<\/strong>. Un centrocampista formado en la cantera del&nbsp;<strong>Barcelona&nbsp;<\/strong>que, con tan solo 16 a\u00f1os,&nbsp;<strong>ha llegado a debutar con el filial del conjunto azulgrana&nbsp;<\/strong>y ya ha conseguido firmar su primer contrato profesional.&nbsp;<strong>Este agosto cumpli\u00f3 los 17 a\u00f1os&nbsp;de<\/strong> edad con la que ya es uno de los talentos m\u00e1s destacados del Juvenil A y un jugador en el que el club ha puesto grandes esperanzas de cara al futuro tras debutar en el primer equipo y ser convocado por primera vez con la Selecci\u00f3n de Espa\u00f1a.<\/p>\n\n\n\n<figure class=\"wp-block-image size-full\"><img data-recalc-dims=\"1\" decoding=\"async\" width=\"620\" height=\"592\" src=\"https:\/\/i0.wp.com\/rubensvalenzuela.com\/web\/wp-content\/uploads\/2021\/10\/16335930807702.jpeg?resize=620%2C592\" alt=\"\" class=\"wp-image-4657\" srcset=\"https:\/\/i0.wp.com\/rubensvalenzuela.com\/web\/wp-content\/uploads\/2021\/10\/16335930807702.jpeg?w=1024 1024w, https:\/\/i0.wp.com\/rubensvalenzuela.com\/web\/wp-content\/uploads\/2021\/10\/16335930807702.jpeg?resize=400%2C382 400w, https:\/\/i0.wp.com\/rubensvalenzuela.com\/web\/wp-content\/uploads\/2021\/10\/16335930807702.jpeg?resize=768%2C734 768w\" sizes=\"(max-width: 620px) 100vw, 620px\" \/><\/figure>\n\n\n\n<p>Darle mucho reconocimiento a Luis Enrique que lo convoc\u00f3 y lo puso de titular.<\/p>\n\n\n\n<p>El interior de pierna derecha&nbsp;<strong>fich\u00f3 por el Bar\u00e7a a los 11 a\u00f1os,<\/strong> despu\u00e9s de formarse en las categor\u00edas interiores del Betis. El de Los Palacios y Villafranca, una localidad a unos 30km de Sevilla, se incorpor\u00f3 al Alev\u00edn en la temporada 2015-16 y su progresi\u00f3n ha sido fulgurante, hasta convertirse en&nbsp;<strong>una de las perlas m\u00e1s serias de la Masia blaugrana.&nbsp;<\/strong>F\u00edsicamente muy fuerte y t\u00e9cnicamente sobrado,&nbsp;<strong>Gavi hizo el salto del Cadete A al Juvenil A&nbsp;<\/strong>sin pasar por la primera fase de la categor\u00eda, un Juvenil B que hubiera significado la progresi\u00f3n l\u00f3gica de un futbolista de la cantera. Sin embargo, sus cualidades le han catapultado.<\/p>\n\n\n\n<p>Intenso y buen recuperador, su ex entrenador&nbsp;<strong>Franc Artiga le considera \u201ct\u00e9cnicamente superdotado\u201d.<\/strong> En declaraciones exclusivas para GOAL, el t\u00e9cnico define a Gavi como un futbolista&nbsp;<strong>\u201ccapaz de cambiar una acci\u00f3n t\u00e9cnica en d\u00e9cimas de segundo e improvisar ante cualquier circunstancia del juego\u201d.&nbsp;<\/strong>Es decir, el centrocampista es un jugador con la velocidad de ejecuci\u00f3n alt\u00edsima. \u201cEs muy dif\u00edcil encontrar a un jugador con estas capacidades, con esta velocidad de ejecuci\u00f3n\u201d, dice Artiga.<\/p>\n\n\n\n<p>El entrenador, que dej\u00f3 el Barcelona este invierno para empezar un nuevo proyecto en Emiratos \u00c1rabes, cree que Gavi ha hecho una evoluci\u00f3n extraordinaria, sobre todo en su fuerza f\u00edsica:&nbsp;\u201cF\u00edsicamente, este a\u00f1o ha evolucionado much\u00edsimo.&nbsp;Ha hecho el cambio y ahora es un jugador muy fuerte.&nbsp;Este f\u00edsico complementa la calidad t\u00e9cnica y la toma de decisiones.&nbsp;Tiene calidad para proteger la pelota. Su tren inferior le ayuda y le ha hecho m\u00e1s competitivo en la categor\u00eda juvenil\u201d.<\/p>\n\n\n\n<p>Artiga tambi\u00e9n cree que&nbsp;Gavi es un competidor nato, algo en lo que ha mejorado, pero un aspecto en lo que debe seguir haciendo pasos en positivo. \u201cEs hipercompetitivo\u201d, dice.&nbsp;\u201cEs uno de los jugadores m\u00e1s competitivos que conozco.&nbsp;Eso es algo que tiene que estabilizar. Los partidos tienen una pausa y tiene que tener una mentalidad centrada m\u00e1s en el juego de posici\u00f3n, pero ha mejorado mucho en el control de sus emociones.&nbsp;Siempre va a tope, con mentalidad ganadora hasta el \u00faltimo minuto.&nbsp;Tiene margen de mejora en esto\u201d.<\/p>\n\n\n\n<p>Debut en el Bar\u00e7a B y s\u00f3lo 7 meses despu\u00e9s en el primer equipo<\/p>\n\n\n\n<p>Con 16 a\u00f1os, en febrero de este 2021&nbsp;Gavi hizo su debut con el filial blaugrana en el derbi ante el Espanyol B, en partido de Segunda Divisi\u00f3n B. Salt\u00f3 al c\u00e9sped en el segundo tiempo y a punto estuvo de marcar el s\u00e9ptimo gol de su equipo, pero el bal\u00f3n se estrell\u00f3 en la madera. El entrenador del B,&nbsp;Francesc Xavier Garc\u00eda Pimienta, estaba convencido de que Gavi har\u00eda un buen partido:&nbsp;\u201cSab\u00eda que lo har\u00eda bien.&nbsp;Debemos tener tranquilidad, es un chico que tiene bastante din\u00e1mica de Bar\u00e7a B, que tiene much\u00edsima proyecci\u00f3n, que lo est\u00e1 haciendo muy bien en el Juvenil A, que es su equipo, y que se est\u00e1 ganando poder tener minutos aqu\u00ed.&nbsp;Siempre que lo necesitamos lo har\u00e1 bien con nosotros, pero tenemos que tener paciencia\u201d.<\/p>\n\n\n\n<p>Artiga, que lo tuvo en el Juvenil este a\u00f1o pasado, sin embargo, tambi\u00e9n cree que hay que tener paciencia. Gavi, nacido en 2004, ha progresado como nadie, pero el club debe ponerle pausa a su ascenso.&nbsp;<strong>\u201cNo hace falta correr.<\/strong><strong>&nbsp;<\/strong>A veces nos precipitamos en poner a jugadores en categor\u00edas superiores cuando no han adquirido toda la madurez.&nbsp;<strong>\u00c9l juega y ejecuta por instinto<\/strong><strong>.&nbsp;<\/strong>La experiencia le har\u00e1 actuar por lectura de juego y no tanto por instinto. Tenemos que tener paciencia, tiene que ir asumiendo objetivos\u201d, cuenta Artiga. Eso s\u00ed, si todo sigue su curso,&nbsp;<strong>\u201csi hacemos las cosas bien y tiene un buen entorno, tendremos Gavi para muchos a\u00f1os\u201d.<\/strong><\/p>\n\n\n\n<p>S\u00f3lo unos meses despu\u00e9s,&nbsp;<strong>Gavi se puso a las \u00f3rdenes de Ronald Koeman en la pretemporada del primer equipo y el 29 de agosto se produjo su debut<\/strong><strong>&nbsp;<\/strong>como profesional en la victoria por 2-1 en la tercera jornada de LaLiga ante el Getafe. Unos d\u00edas despu\u00e9s se estren\u00f3 en la Champions League ante el Bayern de M\u00fanich y s\u00f3lo un mes despu\u00e9s se convirti\u00f3 en el segundo jugador m\u00e1s joven en ir convocado con la Selecci\u00f3n de Espa\u00f1a. Una carrera fulgurante que s\u00f3lo acaba de empezar.&nbsp;<\/p>\n\n\n\n<p>Seg\u00fan&nbsp;<a href=\"https:\/\/www.transfermarkt.com\/gavi\/leistungsdaten\/spieler\/646740\/plus\/0?saison=ges\" target=\"_blank\" rel=\"noreferrer noopener\">datos de Transfermarkt<\/a>, Gavi ha jugado un total de 9 partidos profesionales: dos en la temporada 2020\/21 y uno en la actual, en Segunda B y Primera RFEF respectivamente, adem\u00e1s de los seis citados. Un total de&nbsp;<strong>417 minutos en la \u00e9lite<\/strong>, de los cuales 288 han sido este a\u00f1o en apenas un mes que han convencido a&nbsp;<a href=\"https:\/\/www.20minutos.es\/deportes\/minuteca\/luis-enrique\/\">Luis Enrique<\/a>&nbsp;para hacerle saltar tres pasos y pasar de la sub18 a la absoluta sin paso por la sub21 previo.<\/p>\n","protected":false},"excerpt":{"rendered":"<p>SELECCI\u00d3N ESPA\u00d1OLA. Con 17 a\u00f1os y 62 d\u00edas rompe el r\u00e9cord de Zubieta de 1936. 06\/10\/2021. El sentido com\u00fan quiz\u00e1 pueda llevar a cierta desconfianza. Gavi ha pasado en apenas a\u00f1o y medio de jugar en el cadete A del Barcelona a ser titular en la Champions con el primer equipo del club azulgrana. Pero &#8230;<\/p>\n","protected":false},"author":1,"featured_media":4656,"comment_status":"open","ping_status":"open","sticky":false,"template":"","format":"standard","meta":{"_acf_changed":false,"_jetpack_memberships_contains_paid_content":false,"footnotes":"","jetpack_publicize_message":"","jetpack_publicize_feature_enabled":true,"jetpack_social_post_already_shared":false,"jetpack_social_options":{"image_generator_settings":{"template":"highway","default_image_id":0,"font":"","enabled":false},"version":2}},"categories":[5],"tags":[],"yst_prominent_words":[172,74,105,103,78,220],"class_list":["post-4651","post","type-post","status-publish","format-standard","has-post-thumbnail","hentry","category-noticias"],"acf":[],"jetpack_publicize_connections":[],"jetpack_featured_media_url":"https:\/\/i0.wp.com\/rubensvalenzuela.com\/web\/wp-content\/uploads\/2021\/10\/FBClbicVgAQaCY2.jpeg?fit=1200%2C803","jetpack_likes_enabled":true,"jetpack_sharing_enabled":true,"_links":{"self":[{"href":"http:\/\/rubensvalenzuela.com\/web\/wp-json\/wp\/v2\/posts\/4651","targetHints":{"allow":["GET"]}}],"collection":[{"href":"http:\/\/rubensvalenzuela.com\/web\/wp-json\/wp\/v2\/posts"}],"about":[{"href":"http:\/\/rubensvalenzuela.com\/web\/wp-json\/wp\/v2\/types\/post"}],"author":[{"embeddable":true,"href":"http:\/\/rubensvalenzuela.com\/web\/wp-json\/wp\/v2\/users\/1"}],"replies":[{"embeddable":true,"href":"http:\/\/rubensvalenzuela.com\/web\/wp-json\/wp\/v2\/comments?post=4651"}],"version-history":[{"count":2,"href":"http:\/\/rubensvalenzuela.com\/web\/wp-json\/wp\/v2\/posts\/4651\/revisions"}],"predecessor-version":[{"id":4668,"href":"http:\/\/rubensvalenzuela.com\/web\/wp-json\/wp\/v2\/posts\/4651\/revisions\/4668"}],"wp:featuredmedia":[{"embeddable":true,"href":"http:\/\/rubensvalenzuela.com\/web\/wp-json\/wp\/v2\/media\/4656"}],"wp:attachment":[{"href":"http:\/\/rubensvalenzuela.com\/web\/wp-json\/wp\/v2\/media?parent=4651"}],"wp:term":[{"taxonomy":"category","embeddable":true,"href":"http:\/\/rubensvalenzuela.com\/web\/wp-json\/wp\/v2\/categories?post=4651"},{"taxonomy":"post_tag","embeddable":true,"href":"http:\/\/rubensvalenzuela.com\/web\/wp-json\/wp\/v2\/tags?post=4651"},{"taxonomy":"yst_prominent_words","embeddable":true,"href":"http:\/\/rubensvalenzuela.com\/web\/wp-json\/wp\/v2\/yst_prominent_words?post=4651"}],"curies":[{"name":"wp","href":"https:\/\/api.w.org\/{rel}","templated":true}]}}