{"id":6760,"date":"2024-11-17T18:23:23","date_gmt":"2024-11-17T21:23:23","guid":{"rendered":"https:\/\/rubensvalenzuela.com\/web\/?p=6760"},"modified":"2024-11-18T21:22:40","modified_gmt":"2024-11-19T00:22:40","slug":"rodri-el-balon-de-oro-fui-el-mas-regular","status":"publish","type":"post","link":"http:\/\/rubensvalenzuela.com\/web\/noticias\/rodri-el-balon-de-oro-fui-el-mas-regular\/","title":{"rendered":"\u00abRodri el bal\u00f3n de Oro: &#8216;Fui el m\u00e1s regular&#8217;.\u00bb"},"content":{"rendered":"\t\t<div data-elementor-type=\"wp-post\" data-elementor-id=\"6760\" class=\"elementor elementor-6760\">\n\t\t\t\t\t\t<section class=\"elementor-section elementor-top-section elementor-element elementor-element-79be05c elementor-section-boxed elementor-section-height-default elementor-section-height-default\" data-id=\"79be05c\" data-element_type=\"section\" data-e-type=\"section\">\n\t\t\t\t\t\t<div class=\"elementor-container elementor-column-gap-default\">\n\t\t\t\t\t<div class=\"elementor-column elementor-col-100 elementor-top-column elementor-element elementor-element-09745e6\" data-id=\"09745e6\" data-element_type=\"column\" data-e-type=\"column\">\n\t\t\t<div class=\"elementor-widget-wrap elementor-element-populated\">\n\t\t\t\t\t\t<div class=\"elementor-element elementor-element-dcbd5a0 elementor-widget elementor-widget-text-editor\" data-id=\"dcbd5a0\" data-element_type=\"widget\" data-e-type=\"widget\" data-widget_type=\"text-editor.default\">\n\t\t\t\t<div class=\"elementor-widget-container\">\n\t\t\t\t\t\t\t\t\t<p>BeSoccer.<\/p>\t\t\t\t\t\t\t\t<\/div>\n\t\t\t\t<\/div>\n\t\t\t\t\t<\/div>\n\t\t<\/div>\n\t\t\t\t\t<\/div>\n\t\t<\/section>\n\t\t\t\t<section class=\"elementor-section elementor-top-section elementor-element elementor-element-17727f0 elementor-section-boxed elementor-section-height-default elementor-section-height-default\" data-id=\"17727f0\" data-element_type=\"section\" data-e-type=\"section\">\n\t\t\t\t\t\t<div class=\"elementor-container elementor-column-gap-default\">\n\t\t\t\t\t<div class=\"elementor-column elementor-col-100 elementor-top-column elementor-element elementor-element-eeb63b3\" data-id=\"eeb63b3\" data-element_type=\"column\" data-e-type=\"column\">\n\t\t\t<div class=\"elementor-widget-wrap elementor-element-populated\">\n\t\t\t\t\t\t<div class=\"elementor-element elementor-element-7d51189 elementor-widget elementor-widget-image\" data-id=\"7d51189\" data-element_type=\"widget\" data-e-type=\"widget\" data-widget_type=\"image.default\">\n\t\t\t\t<div class=\"elementor-widget-container\">\n\t\t\t\t\t\t\t\t\t\t\t\t\t\t\t<img fetchpriority=\"high\" decoding=\"async\" width=\"620\" height=\"349\" src=\"https:\/\/i0.wp.com\/rubensvalenzuela.com\/web\/wp-content\/uploads\/2024\/11\/Rodri-el-balon-de-oro_fui-el-mas-regular.jpg?fit=620%2C349\" class=\"attachment-large size-large wp-image-6761\" alt=\"\" srcset=\"https:\/\/i0.wp.com\/rubensvalenzuela.com\/web\/wp-content\/uploads\/2024\/11\/Rodri-el-balon-de-oro_fui-el-mas-regular.jpg?w=1080 1080w, https:\/\/i0.wp.com\/rubensvalenzuela.com\/web\/wp-content\/uploads\/2024\/11\/Rodri-el-balon-de-oro_fui-el-mas-regular.jpg?resize=400%2C225 400w, https:\/\/i0.wp.com\/rubensvalenzuela.com\/web\/wp-content\/uploads\/2024\/11\/Rodri-el-balon-de-oro_fui-el-mas-regular.jpg?resize=1024%2C576 1024w, https:\/\/i0.wp.com\/rubensvalenzuela.com\/web\/wp-content\/uploads\/2024\/11\/Rodri-el-balon-de-oro_fui-el-mas-regular.jpg?resize=768%2C432 768w\" sizes=\"(max-width: 620px) 100vw, 620px\" \/>\t\t\t\t\t\t\t\t\t\t\t\t\t\t\t<\/div>\n\t\t\t\t<\/div>\n\t\t\t\t\t<\/div>\n\t\t<\/div>\n\t\t\t\t\t<\/div>\n\t\t<\/section>\n\t\t\t\t<section class=\"elementor-section elementor-top-section elementor-element elementor-element-0bb0573 elementor-section-boxed elementor-section-height-default elementor-section-height-default\" data-id=\"0bb0573\" data-element_type=\"section\" data-e-type=\"section\">\n\t\t\t\t\t\t<div class=\"elementor-container elementor-column-gap-default\">\n\t\t\t\t\t<div class=\"elementor-column elementor-col-100 elementor-top-column elementor-element elementor-element-a54f545\" data-id=\"a54f545\" data-element_type=\"column\" data-e-type=\"column\">\n\t\t\t<div class=\"elementor-widget-wrap elementor-element-populated\">\n\t\t\t\t\t\t<div class=\"elementor-element elementor-element-2858f6b elementor-widget elementor-widget-text-editor\" data-id=\"2858f6b\" data-element_type=\"widget\" data-e-type=\"widget\" data-widget_type=\"text-editor.default\">\n\t\t\t\t<div class=\"elementor-widget-container\">\n\t\t\t\t\t\t\t\t\t<p>A sus 28 a\u00f1os,<strong>\u00a0<\/strong><a href=\"https:\/\/es.besoccer.com\/jugador\/r-hernandez-164286\">Rodri<\/a><strong>\u00a0est\u00e1 viviendo un sue\u00f1o<\/strong>. El futbolista espa\u00f1ol, en plena\u00a0recuperaci\u00f3n de una rotura del ligamento cruzado de la rodilla derecha, se consagr\u00f3 hace 2 semanas con\u00a0<a href=\"https:\/\/es.besoccer.com\/noticia\/rodri-balon-de-oro-2024-1335752\"><strong>la conquista del Bal\u00f3n de Oro<\/strong><\/a>. El jugador del<strong>\u00a0Manchester City<\/strong>, un chico humilde y<strong>\u00a0alejado de los estereotipos<\/strong>, pas\u00f3 por los micr\u00f3fonos de &#8216;El Partidazo de COPE&#8217; para hablar de\u00a0<strong>todo lo que vivi\u00f3 esa m\u00e1gica noche<\/strong>\u00a0del 28 de octubre.<\/p><p>El mediocentro, ganador del premio por delante de\u00a0<strong>un Vinicius que part\u00eda como favorito<\/strong>, explic\u00f3 por qu\u00e9 gan\u00f3 el galard\u00f3n:\u00a0\u00abCreo que, por la regularidad, que es lo m\u00e1s dif\u00edcil en el f\u00fatbol.\u00a0<strong>El jugador m\u00e1s regular fui yo<\/strong>; quiz\u00e1s no con los picos m\u00e1s altos, pero s\u00ed regular. Jam\u00e1s pens\u00e9 que podr\u00eda repetir una temporada como la pasada, porque se tienen que dar muchos momentos; ganar con tu equipo, ser decisivo&#8230;<strong>\u00a0Tuve un nivel muy parecido o mejor<\/strong>\u00ab.<\/p><p>Sobre su discurso,\u00a0alabado por el planeta f\u00fatbol, Rodri\u00a0dej\u00f3 muy claro que no se prepar\u00f3 nada:\u00a0\u00ab<strong>No llevaba nada preparado<\/strong>. 2 d\u00edas ante de la gala, mi padre me dijo: &#8216;Prep\u00e1rate por lo que pueda pasar,\u00a0<strong>aunque sepamos lo que hay<\/strong>&#8216;. Le dije que iba a aplaudir. Luego pens\u00e9 &#8216;\u00bfy si lo gano?, no tengo nada preparado&#8217;. Mi agente me dijo que no me preparara nada,<strong>\u00a0que lo hiciera natural<\/strong>. Podr\u00eda haber salido fatal, pero sali\u00f3 bien.\u00a0<strong>Mi mentalidad era ir, aunque no fuera a ganar<\/strong>\u00ab.<\/p><p><strong>\u00abMe llegaban rumores<\/strong>\u00a0y tambi\u00e9n a mi entorno, pero sin certeza. No cre\u00edamos nada y dijimos que \u00edbamos para all\u00e1. Yo esperaba que, al ir con las muletas, alguien me iba a decir algo porque me flipaba eso. Fue un d\u00eda curioso, de arriba a abajo total\u00bb, dijo el internacional espa\u00f1ol en relaci\u00f3n a esas\u00a0informaciones que apuntaban que Vini no iba a ganar.<\/p><p>Y lleg\u00f3\u00a0la pregunta sobre ese momento\u00a0en el que, a segundos de conocer el nombre del ganador, se escuch\u00f3\u00a0&#8216;Vini, Vini&#8217; en plena gala.\u00a0Rodri explic\u00f3 c\u00f3mo se sinti\u00f3: \u00abSent\u00ed\u00a0incredulidad porque estaba esperando y la mitad de la sala empez\u00f3 a gritar &#8216;Vinicius, Vinicius&#8217;&#8230; Sent\u00ed mucho respeto por el p\u00fablico; me aplaudieron\u00bb, espet\u00f3 el mediocentro, que admiti\u00f3 que sabe que\u00a0<a href=\"https:\/\/es.besoccer.com\/noticia\/rodrigo-hernandez-vinicius-balon-de-oro-votaciones-diferencia-1337100\">gan\u00f3 por 41 votos<\/a>\u00a0y que el periodista espa\u00f1ol -Alfredo Rela\u00f1o- vot\u00f3 primero a Vini.\u00a0\u00abNo me duele que no me votase. Me encanta que la gente vote lo que quiera. Al final es la opini\u00f3n de alguien en particular. Es tu pa\u00eds, te hubiera gustado\u00bb, afirm\u00f3.<\/p><p>El que falt\u00f3 en la gala fue el Madrid. Al jugador &#8216;citizen&#8217; no le doli\u00f3 que no estuviese el conjunto blanco:\u00a0\u00abUna vez que lo gano, es mi momento, para disfrutar con mi familia. No pienso en la gente que no ha venido y no ha querido disfrutar de la gala. Es mejor que est\u00e9 todo el mundo, est\u00e1 todo lleno de ni\u00f1os y hubiera sido genial, pero no por la parte que me toca\u00bb.<\/p><p>Por otro lado, Rodri se refiri\u00f3 al\u00a0<strong>mensaje que le mand\u00f3 a Morata<\/strong>\u00a0tras ganar el Bal\u00f3n de Oro:\u00a0\u00abSoy transparente, eso me ha hecho estar donde estoy. No me voy a hacer ni Twitter ni Instagram. Morata me dec\u00eda &#8216;si tuvieses redes sociales, tendr\u00edas un Bal\u00f3n de Oro&#8217;. Y nada m\u00e1s ganarlo le escrib\u00ed: &#8216;Mira, Bal\u00f3n de Oro y sin redes sociales\u00bb.<\/p><p>\u00abQuiz\u00e1s, con el a\u00f1o anterior, he crecido a nivel\u00a0medi\u00e1tico. Con\u00a0el triplete que conseguimos me puse en el escaparate. Estos premios han demostrado que\u00a0<strong>han valorado otras cosas<\/strong>\u00ab, coment\u00f3 el espa\u00f1ol.\u00a0<\/p><p>Sobre si se lleva el Bal\u00f3n de Oro a todos lados, el madrile\u00f1o fue muy claro al respecto:\u00a0\u00abNo porque pesa mucho, pero duermo con \u00e9l. Mi madre lo quiere poner en la entrada de casa para que lo vea todo el mundo. &#8216;Mam\u00e1, por favor&#8217;&#8230; Ha venido toda la familia a verlo. Es una alegr\u00eda inmensa\u00bb.<\/p><p>En cuanto\u00a0a la\u00a0<strong>felicitaciones<\/strong>, la que m\u00e1s ilusi\u00f3n le hizo\u00a0fue\u00a0la de\u00a0<strong>Iniesta<\/strong>:\u00a0\u00abMe da cosilla porque \u00e9l tendr\u00eda\u00a0que tener uno en sus vitrinas. Es el mejor de nuestro pa\u00eds de todos los tiempos\u00bb.<\/p><p>Por \u00faltimo, Rodri se mostr\u00f3 muy optimista sobre\u00a0<strong>un hipot\u00e9tico regreso<\/strong>\u00a0antes de que acabe la campa\u00f1a. El Mundial de Clubes de 2025 echar\u00e1 el tel\u00f3n al curso. \u00abS\u00ed, s\u00ed. Las temporadas son m\u00e1s largas ahora. El Mundialito acaba el 13 de julio\u00bb, finaliz\u00f3.<\/p>\t\t\t\t\t\t\t\t<\/div>\n\t\t\t\t<\/div>\n\t\t\t\t\t<\/div>\n\t\t<\/div>\n\t\t\t\t\t<\/div>\n\t\t<\/section>\n\t\t\t\t<\/div>\n\t\t","protected":false},"excerpt":{"rendered":"<p>BeSoccer. A sus 28 a\u00f1os,\u00a0Rodri\u00a0est\u00e1 viviendo un sue\u00f1o. El futbolista espa\u00f1ol, en plena\u00a0recuperaci\u00f3n de una rotura del ligamento cruzado de la rodilla derecha, se consagr\u00f3 hace 2 semanas con\u00a0la conquista del Bal\u00f3n de Oro. El jugador del\u00a0Manchester City, un chico humilde y\u00a0alejado de los estereotipos, pas\u00f3 por los micr\u00f3fonos de &#8216;El Partidazo de COPE&#8217; para &#8230;<\/p>\n","protected":false},"author":1,"featured_media":6761,"comment_status":"open","ping_status":"open","sticky":false,"template":"","format":"standard","meta":{"_acf_changed":false,"_jetpack_memberships_contains_paid_content":false,"footnotes":"","jetpack_publicize_message":"","jetpack_publicize_feature_enabled":true,"jetpack_social_post_already_shared":true,"jetpack_social_options":{"image_generator_settings":{"template":"highway","default_image_id":0,"font":"","enabled":false},"version":2}},"categories":[5],"tags":[],"yst_prominent_words":[113,80,95,105,103],"class_list":["post-6760","post","type-post","status-publish","format-standard","has-post-thumbnail","hentry","category-noticias"],"acf":[],"jetpack_publicize_connections":[],"jetpack_featured_media_url":"https:\/\/i0.wp.com\/rubensvalenzuela.com\/web\/wp-content\/uploads\/2024\/11\/Rodri-el-balon-de-oro_fui-el-mas-regular.jpg?fit=1080%2C608","jetpack_likes_enabled":true,"jetpack_sharing_enabled":true,"_links":{"self":[{"href":"http:\/\/rubensvalenzuela.com\/web\/wp-json\/wp\/v2\/posts\/6760","targetHints":{"allow":["GET"]}}],"collection":[{"href":"http:\/\/rubensvalenzuela.com\/web\/wp-json\/wp\/v2\/posts"}],"about":[{"href":"http:\/\/rubensvalenzuela.com\/web\/wp-json\/wp\/v2\/types\/post"}],"author":[{"embeddable":true,"href":"http:\/\/rubensvalenzuela.com\/web\/wp-json\/wp\/v2\/users\/1"}],"replies":[{"embeddable":true,"href":"http:\/\/rubensvalenzuela.com\/web\/wp-json\/wp\/v2\/comments?post=6760"}],"version-history":[{"count":9,"href":"http:\/\/rubensvalenzuela.com\/web\/wp-json\/wp\/v2\/posts\/6760\/revisions"}],"predecessor-version":[{"id":6838,"href":"http:\/\/rubensvalenzuela.com\/web\/wp-json\/wp\/v2\/posts\/6760\/revisions\/6838"}],"wp:featuredmedia":[{"embeddable":true,"href":"http:\/\/rubensvalenzuela.com\/web\/wp-json\/wp\/v2\/media\/6761"}],"wp:attachment":[{"href":"http:\/\/rubensvalenzuela.com\/web\/wp-json\/wp\/v2\/media?parent=6760"}],"wp:term":[{"taxonomy":"category","embeddable":true,"href":"http:\/\/rubensvalenzuela.com\/web\/wp-json\/wp\/v2\/categories?post=6760"},{"taxonomy":"post_tag","embeddable":true,"href":"http:\/\/rubensvalenzuela.com\/web\/wp-json\/wp\/v2\/tags?post=6760"},{"taxonomy":"yst_prominent_words","embeddable":true,"href":"http:\/\/rubensvalenzuela.com\/web\/wp-json\/wp\/v2\/yst_prominent_words?post=6760"}],"curies":[{"name":"wp","href":"https:\/\/api.w.org\/{rel}","templated":true}]}}