{"id":6922,"date":"2025-06-06T18:50:16","date_gmt":"2025-06-06T21:50:16","guid":{"rendered":"https:\/\/rubensvalenzuela.com\/web\/?p=6922"},"modified":"2025-06-06T19:03:37","modified_gmt":"2025-06-06T22:03:37","slug":"lo-dificil-de-salir-campeon","status":"publish","type":"post","link":"http:\/\/rubensvalenzuela.com\/web\/articulos\/lo-dificil-de-salir-campeon\/","title":{"rendered":"Lo dif\u00edcil de salir campe\u00f3n"},"content":{"rendered":"\t\t<div data-elementor-type=\"wp-post\" data-elementor-id=\"6922\" class=\"elementor elementor-6922\">\n\t\t\t\t\t\t<section class=\"elementor-section elementor-top-section elementor-element elementor-element-4c6bfcb elementor-section-boxed elementor-section-height-default elementor-section-height-default\" data-id=\"4c6bfcb\" data-element_type=\"section\" data-e-type=\"section\">\n\t\t\t\t\t\t<div class=\"elementor-container elementor-column-gap-default\">\n\t\t\t\t\t<div class=\"elementor-column elementor-col-100 elementor-top-column elementor-element elementor-element-af2f3b9\" data-id=\"af2f3b9\" data-element_type=\"column\" data-e-type=\"column\">\n\t\t\t<div class=\"elementor-widget-wrap elementor-element-populated\">\n\t\t\t\t\t\t<div class=\"elementor-element elementor-element-82ad01e elementor-widget elementor-widget-image\" data-id=\"82ad01e\" data-element_type=\"widget\" data-e-type=\"widget\" data-widget_type=\"image.default\">\n\t\t\t\t<div class=\"elementor-widget-container\">\n\t\t\t\t\t\t\t\t\t\t\t\t\t\t\t<img fetchpriority=\"high\" decoding=\"async\" width=\"620\" height=\"454\" src=\"https:\/\/i0.wp.com\/rubensvalenzuela.com\/web\/wp-content\/uploads\/2025\/06\/Harry-Kane.jpg?fit=620%2C454&amp;ssl=1\" class=\"attachment-large size-large wp-image-6925\" alt=\"\" srcset=\"https:\/\/i0.wp.com\/rubensvalenzuela.com\/web\/wp-content\/uploads\/2025\/06\/Harry-Kane.jpg?w=1079&amp;ssl=1 1079w, https:\/\/i0.wp.com\/rubensvalenzuela.com\/web\/wp-content\/uploads\/2025\/06\/Harry-Kane.jpg?resize=400%2C293&amp;ssl=1 400w, https:\/\/i0.wp.com\/rubensvalenzuela.com\/web\/wp-content\/uploads\/2025\/06\/Harry-Kane.jpg?resize=1024%2C750&amp;ssl=1 1024w, https:\/\/i0.wp.com\/rubensvalenzuela.com\/web\/wp-content\/uploads\/2025\/06\/Harry-Kane.jpg?resize=768%2C562&amp;ssl=1 768w\" sizes=\"(max-width: 620px) 100vw, 620px\" \/>\t\t\t\t\t\t\t\t\t\t\t\t\t\t\t<\/div>\n\t\t\t\t<\/div>\n\t\t\t\t\t<\/div>\n\t\t<\/div>\n\t\t\t\t\t<\/div>\n\t\t<\/section>\n\t\t\t\t<section class=\"elementor-section elementor-top-section elementor-element elementor-element-42d4254 elementor-section-boxed elementor-section-height-default elementor-section-height-default\" data-id=\"42d4254\" data-element_type=\"section\" data-e-type=\"section\">\n\t\t\t\t\t\t<div class=\"elementor-container elementor-column-gap-default\">\n\t\t\t\t\t<div class=\"elementor-column elementor-col-100 elementor-top-column elementor-element elementor-element-88ee930\" data-id=\"88ee930\" data-element_type=\"column\" data-e-type=\"column\">\n\t\t\t<div class=\"elementor-widget-wrap elementor-element-populated\">\n\t\t\t\t\t\t<div class=\"elementor-element elementor-element-a01fe97 elementor-widget elementor-widget-text-editor\" data-id=\"a01fe97\" data-element_type=\"widget\" data-e-type=\"widget\" data-widget_type=\"text-editor.default\">\n\t\t\t\t<div class=\"elementor-widget-container\">\n\t\t\t\t\t\t\t\t\t<p>HARRY KANE.<\/p><p>Harry Kane delantero ingl\u00e9s de 31 a\u00f1os de edad que es considerado por muchos aficionados como uno de los mejores atacantes de la \u00e9poca, levant\u00f3 este s\u00e1bado 10 de mayo\u00a0su primer t\u00edtulo oficial como futbolista profesional.<\/p><p>Aunque Bayer M\u00fanich\u00a0se coron\u00f3 campe\u00f3n de la\u00a0Bundesliga\u00a0desde la jornada pasada, fue hasta hoy que les fue otorgado el trofeo de campe\u00f3n, tambi\u00e9n conocido como la ensaladera por su forma, y que\u00a0Harry Kane\u00a0pudo levantarlo por todo lo alto.<\/p><p>Luego de haber perdido finales con\u00a0Tottenham\u00a0y con la selecci\u00f3n de\u00a0Inglaterra, por fin tiene un trofeo en su palmar\u00e9s y adem\u00e1s fue fundamental para que el cuadro b\u00e1varo recuperar\u00e1 la cima del futbol alem\u00e1n.<\/p><p>Harry Kane celebra su primer t\u00edtulo como futbolista profesional<\/p><p>Luego de haber derrotado\u00a0<strong>2-0<\/strong>\u00a0al\u00a0Borussia Monchengaldbach\u00a0en el Allianz Arena con un gol suyo y uno m\u00e1s de Michael Olise,\u00a0<a href=\"https:\/\/www.quintopartido.com\/nfl\/el-goleador-harry-kane-revela-que-buscara-chamba-en-la-nfl-como-pateador\/\">Harry Kane<\/a><u>\u00a0<\/u>levant\u00f3 su primer t\u00edtulo como jugador profesional en la pen\u00faltima jornada de la Bundesliga.<\/p><p>PEP GUARDIOLA<\/p><p>Los exitosos tambi\u00e9n fracasan.<\/p><p>Con una plantilla de las m\u00e1s caras de mundo perdi\u00f3 todo lo que jug\u00f3.<\/p><p>Ni\u00a0Premier League, ni\u00a0Champions League, ni\u00a0FA Cup, ni\u00a0Copa de la Liga. Pep Guardiola\u00a0no podr\u00e1 celebrar nada esta temporada, v\u00edctima de su primer a\u00f1o en blanco desde la 2016-2017, su primera campa\u00f1a en el\u00a0<a href=\"https:\/\/www.espn.com.mx\/futbol\/equipo\/_\/id\/382\/manchester-city\">Manchester City.<\/a><\/p><p>Cay\u00f3 en la\u00a0final de la\u00a0<a href=\"https:\/\/www.espn.com.mx\/futbol\/inglaterra\/nota\/_\/id\/15178717\/video-crystal-palace-derroto-al-manchester-city-y-es-campeon-de-la-fa-cup-resumen\">FA Cup contra el Cristal Palace<\/a>\u00a0y pierde su \u00faltima opci\u00f3n de saborear un trofeo esta temporada, despu\u00e9s de ceder tambi\u00e9n la\u00a0Premier League\u00a0frente al\u00a0Liverpool, la Copa de la Liga, en la que le elimin\u00f3 el\u00a0Tottenham Hotspur\u00a0en la cuarta ronda, y la\u00a0Champions League, en la que su verdugo fue el\u00a0Real Madrid\u00a0en los dieciseisavos de final.<\/p><p>CARLO ANGELOTTI.<\/p><p>Se va del Real Madrid sin ganar nada despu\u00e9s de ganar todo.<\/p><p>Termina su aventura perdiendo la Champions, la Liga y la Copa, adem\u00e1s alguna de ellas con Barcelona despu\u00e9s de haber ganado m\u00e1s de 15 t\u00edtulos con el Real Madrid.<\/p><p>\u201cSi la vida se acaba, imag\u00ednate un periodo en un equipo de f\u00fatbol.\u201d\u00a0<\/p><p>\u201cLas cosas se acaban por muchas cosas. Puede ser que el Madrid necesite un nuevo impulso, que el entrenador necesite un nuevo impulso&#8230; Son las cosas normales de la vida y no hago ning\u00fan drama. Puede ser que sea el momento de un cambio. Todo puede ser. Me lo tomo con absoluta naturalidad. Es una decisi\u00f3n com\u00fan acabar aqu\u00ed\u201d,<\/p><p>BOCA JUNIORS<\/p><p>Un equipo de los mas ganadores del mundo lleva mas de un a\u00f1o sin ganar t\u00edtulos e incluso sin clasificar o quedar temprano eliminado de torneos internacionales como Copa Libertadores de Am\u00e9rica y\/o Copa Sudamericana.<\/p><p>Sin ning\u00fan t\u00edtulo en el 2024 intentar\u00e1 ganar el torneo Argentino del 2025 que esta pr\u00f3ximo a finalizar.<\/p><p>JUVENTUS<\/p><p>La Juventus salv\u00f3 su temporada y puso fin a una sequ\u00eda de tres a\u00f1os sin trofeos conquistando la decimoquinta Copa de Italia de su historia al superar 1-0 al Atalanta en la final, disputada este mi\u00e9rcoles en el Ol\u00edmpico de Roma. Mayo del 2024.<\/p><p>El 2025 ser\u00e1 tambi\u00e9n un a\u00f1o complicado para ganar algo lo que sumara solo un titulo en los \u00faltimos 4 a\u00f1os.<\/p><p>Lo dif\u00edcil de salir campe\u00f3n en equipo importantes y exitosos.<\/p>\t\t\t\t\t\t\t\t<\/div>\n\t\t\t\t<\/div>\n\t\t\t\t\t<\/div>\n\t\t<\/div>\n\t\t\t\t\t<\/div>\n\t\t<\/section>\n\t\t\t\t<\/div>\n\t\t","protected":false},"excerpt":{"rendered":"<p>HARRY KANE.Harry Kane delantero ingl\u00e9s de 31 a\u00f1os de edad que es considerado por muchos aficionados como uno de los mejores atacantes de la \u00e9poca, levant\u00f3 este s\u00e1bado 10 de mayo\u00a0su primer t\u00edtulo oficial como futbolista profesional.Aunque Bayer M\u00fanich\u00a0se coron\u00f3 campe\u00f3n de la\u00a0Bundesliga\u00a0desde la jornada pasada, fue hasta hoy que les fue otorgado el trofeo &#8230;<\/p>\n","protected":false},"author":1,"featured_media":6925,"comment_status":"open","ping_status":"open","sticky":false,"template":"","format":"standard","meta":{"_acf_changed":false,"_jetpack_memberships_contains_paid_content":false,"footnotes":"","jetpack_publicize_message":"","jetpack_publicize_feature_enabled":true,"jetpack_social_post_already_shared":true,"jetpack_social_options":{"image_generator_settings":{"template":"highway","default_image_id":0,"font":"","enabled":false},"version":2}},"categories":[2,21],"tags":[],"yst_prominent_words":[217,80],"class_list":["post-6922","post","type-post","status-publish","format-standard","has-post-thumbnail","hentry","category-articulos","category-articulos-periodisticos"],"acf":[],"jetpack_publicize_connections":[],"jetpack_featured_media_url":"https:\/\/i0.wp.com\/rubensvalenzuela.com\/web\/wp-content\/uploads\/2025\/06\/Harry-Kane.jpg?fit=1079%2C790","jetpack_likes_enabled":true,"jetpack_sharing_enabled":true,"_links":{"self":[{"href":"http:\/\/rubensvalenzuela.com\/web\/wp-json\/wp\/v2\/posts\/6922","targetHints":{"allow":["GET"]}}],"collection":[{"href":"http:\/\/rubensvalenzuela.com\/web\/wp-json\/wp\/v2\/posts"}],"about":[{"href":"http:\/\/rubensvalenzuela.com\/web\/wp-json\/wp\/v2\/types\/post"}],"author":[{"embeddable":true,"href":"http:\/\/rubensvalenzuela.com\/web\/wp-json\/wp\/v2\/users\/1"}],"replies":[{"embeddable":true,"href":"http:\/\/rubensvalenzuela.com\/web\/wp-json\/wp\/v2\/comments?post=6922"}],"version-history":[{"count":6,"href":"http:\/\/rubensvalenzuela.com\/web\/wp-json\/wp\/v2\/posts\/6922\/revisions"}],"predecessor-version":[{"id":6930,"href":"http:\/\/rubensvalenzuela.com\/web\/wp-json\/wp\/v2\/posts\/6922\/revisions\/6930"}],"wp:featuredmedia":[{"embeddable":true,"href":"http:\/\/rubensvalenzuela.com\/web\/wp-json\/wp\/v2\/media\/6925"}],"wp:attachment":[{"href":"http:\/\/rubensvalenzuela.com\/web\/wp-json\/wp\/v2\/media?parent=6922"}],"wp:term":[{"taxonomy":"category","embeddable":true,"href":"http:\/\/rubensvalenzuela.com\/web\/wp-json\/wp\/v2\/categories?post=6922"},{"taxonomy":"post_tag","embeddable":true,"href":"http:\/\/rubensvalenzuela.com\/web\/wp-json\/wp\/v2\/tags?post=6922"},{"taxonomy":"yst_prominent_words","embeddable":true,"href":"http:\/\/rubensvalenzuela.com\/web\/wp-json\/wp\/v2\/yst_prominent_words?post=6922"}],"curies":[{"name":"wp","href":"https:\/\/api.w.org\/{rel}","templated":true}]}}