{"id":6958,"date":"2025-06-18T12:26:50","date_gmt":"2025-06-18T15:26:50","guid":{"rendered":"https:\/\/rubensvalenzuela.com\/web\/?p=6958"},"modified":"2025-06-18T12:27:31","modified_gmt":"2025-06-18T15:27:31","slug":"la-desaparicion-del-brescia","status":"publish","type":"post","link":"http:\/\/rubensvalenzuela.com\/web\/noticias\/la-desaparicion-del-brescia\/","title":{"rendered":"La desaparici\u00f3n del Brescia"},"content":{"rendered":"\t\t<div data-elementor-type=\"wp-post\" data-elementor-id=\"6958\" class=\"elementor elementor-6958\">\n\t\t\t\t\t\t<section class=\"elementor-section elementor-top-section elementor-element elementor-element-e8deac0 elementor-section-boxed elementor-section-height-default elementor-section-height-default\" data-id=\"e8deac0\" data-element_type=\"section\" data-e-type=\"section\">\n\t\t\t\t\t\t<div class=\"elementor-container elementor-column-gap-default\">\n\t\t\t\t\t<div class=\"elementor-column elementor-col-100 elementor-top-column elementor-element elementor-element-dbcde3c\" data-id=\"dbcde3c\" data-element_type=\"column\" data-e-type=\"column\">\n\t\t\t<div class=\"elementor-widget-wrap elementor-element-populated\">\n\t\t\t\t\t\t<div class=\"elementor-element elementor-element-24d4b73 elementor-widget elementor-widget-image\" data-id=\"24d4b73\" data-element_type=\"widget\" data-e-type=\"widget\" data-widget_type=\"image.default\">\n\t\t\t\t<div class=\"elementor-widget-container\">\n\t\t\t\t\t\t\t\t\t\t\t\t\t\t\t<img fetchpriority=\"high\" decoding=\"async\" width=\"620\" height=\"414\" src=\"https:\/\/i0.wp.com\/rubensvalenzuela.com\/web\/wp-content\/uploads\/2025\/06\/La-desaparicion-del-Brescia.jpg?fit=620%2C414\" class=\"attachment-large size-large wp-image-6959\" alt=\"\" srcset=\"https:\/\/i0.wp.com\/rubensvalenzuela.com\/web\/wp-content\/uploads\/2025\/06\/La-desaparicion-del-Brescia.jpg?w=1080 1080w, https:\/\/i0.wp.com\/rubensvalenzuela.com\/web\/wp-content\/uploads\/2025\/06\/La-desaparicion-del-Brescia.jpg?resize=400%2C267 400w, https:\/\/i0.wp.com\/rubensvalenzuela.com\/web\/wp-content\/uploads\/2025\/06\/La-desaparicion-del-Brescia.jpg?resize=1024%2C683 1024w, https:\/\/i0.wp.com\/rubensvalenzuela.com\/web\/wp-content\/uploads\/2025\/06\/La-desaparicion-del-Brescia.jpg?resize=768%2C512 768w\" sizes=\"(max-width: 620px) 100vw, 620px\" \/>\t\t\t\t\t\t\t\t\t\t\t\t\t\t\t<\/div>\n\t\t\t\t<\/div>\n\t\t\t\t\t<\/div>\n\t\t<\/div>\n\t\t\t\t\t<\/div>\n\t\t<\/section>\n\t\t\t\t<section class=\"elementor-section elementor-top-section elementor-element elementor-element-ecf9330 elementor-section-boxed elementor-section-height-default elementor-section-height-default\" data-id=\"ecf9330\" data-element_type=\"section\" data-e-type=\"section\">\n\t\t\t\t\t\t<div class=\"elementor-container elementor-column-gap-default\">\n\t\t\t\t\t<div class=\"elementor-column elementor-col-100 elementor-top-column elementor-element elementor-element-ff41d34\" data-id=\"ff41d34\" data-element_type=\"column\" data-e-type=\"column\">\n\t\t\t<div class=\"elementor-widget-wrap elementor-element-populated\">\n\t\t\t\t\t\t<div class=\"elementor-element elementor-element-a387a9d elementor-widget elementor-widget-text-editor\" data-id=\"a387a9d\" data-element_type=\"widget\" data-e-type=\"widget\" data-widget_type=\"text-editor.default\">\n\t\t\t\t<div class=\"elementor-widget-container\">\n\t\t\t\t\t\t\t\t\t<p>La desaparici\u00f3n de un hist\u00f3rico club en Italia donde brillaron leyendas del f\u00fatbol mundial: \u201c114 a\u00f1os pisoteados\u201d<\/p><p>Tras el impago de deudas millonarias, el Brescia dej\u00f3 de pertenecer al profesionalismo. Su capit\u00e1n se pronunci\u00f3 en las redes sociales<\/p><p>El f\u00fatbol italiano pierde a uno de sus referentes m\u00e1s antiguos.\u00a0Brescia Calcio, el club lombardo fundado en 1911 y s\u00edmbolo inconfundible de la pasi\u00f3n provinciana,\u00a0desaparece del profesionalismo.\u00a0La noticia deja at\u00f3nita a toda una ciudad que ya no ver\u00e1 a sus\u00a0Rondinelle\u00a0competir entre la \u00e9lite, v\u00edctima de\u00a0una crisis administrativa\u00a0que ni la historia ni el prestigio pudieron sortear.<\/p><p>La g\u00e9nesis del colapso encuentra a\u00a0Massimo Cellino, presidente del club desde 2017, como figura central de la debacle. Su incapacidad para enfrentar compromisos econ\u00f3micos (m\u00e1s de tres millones de euros en deudas, entre impuestos, sueldos y obligaciones generales) sell\u00f3 el destino del Brescia.<\/p><p>El plazo para regularizar las cuentas expir\u00f3, y con \u00e9l, tambi\u00e9n la presencia del club en la\u00a0Serie C, tercer escal\u00f3n del f\u00fatbol italiano. Los intentos desesperados de encontrar inversores, socios extranjeros o vender la instituci\u00f3n naufragaron sin remedio.\u00a0Trabajadores, futbolistas y empleados vieron rescindidos sus contratos, e incluso el propio Cellino se refugi\u00f3 en Londres, lejos de la tormenta y de las voces cr\u00edticas.<\/p><p>En el terreno deportivo, el desenlace ya se avizoraba. Tras terminar en la 15\u00ba posici\u00f3n de la Serie B (con 43 puntos) el Brescia fue castigado con una sanci\u00f3n de cuatro puntos por incumplimiento de pagos. Esto determin\u00f3 el descenso a la 18\u00ba posici\u00f3n y su ca\u00edda a la Serie C. La sanci\u00f3n emitida por la Federaci\u00f3n Italiana de F\u00fatbol (FIGC) por\u00a0\u201cno respetar dos pagos\u201d\u00a0conden\u00f3 el destino del club. As\u00ed, el castigo evit\u00f3 la p\u00e9rdida de categor\u00eda de la Sampdoria y precipit\u00f3 el desastre econ\u00f3mico en Brescia.<\/p><p>Algunos de los grandes jugadores que defendieron al Brescia en su historia:<\/p><ul><li>Pep Guardiola<\/li><li>Roberto Baggio<\/li><li>Andrea Pirlo<\/li><li>Gheorghe Hagi<\/li><li>Luca Toni<\/li><\/ul>\t\t\t\t\t\t\t\t<\/div>\n\t\t\t\t<\/div>\n\t\t\t\t\t<\/div>\n\t\t<\/div>\n\t\t\t\t\t<\/div>\n\t\t<\/section>\n\t\t\t\t<\/div>\n\t\t","protected":false},"excerpt":{"rendered":"<p>La desaparici\u00f3n de un hist\u00f3rico club en Italia donde brillaron leyendas del f\u00fatbol mundial: \u201c114 a\u00f1os pisoteados\u201dTras el impago de deudas millonarias, el Brescia dej\u00f3 de pertenecer al profesionalismo. Su capit\u00e1n se pronunci\u00f3 en las redes socialesEl f\u00fatbol italiano pierde a uno de sus referentes m\u00e1s antiguos.\u00a0Brescia Calcio, el club lombardo fundado en 1911 y &#8230;<\/p>\n","protected":false},"author":1,"featured_media":6959,"comment_status":"open","ping_status":"open","sticky":false,"template":"","format":"standard","meta":{"_acf_changed":false,"_jetpack_memberships_contains_paid_content":false,"footnotes":"","jetpack_publicize_message":"","jetpack_publicize_feature_enabled":true,"jetpack_social_post_already_shared":true,"jetpack_social_options":{"image_generator_settings":{"template":"highway","default_image_id":0,"font":"","enabled":false},"version":2}},"categories":[5],"tags":[],"yst_prominent_words":[95,84],"class_list":["post-6958","post","type-post","status-publish","format-standard","has-post-thumbnail","hentry","category-noticias"],"acf":[],"jetpack_publicize_connections":[],"jetpack_featured_media_url":"https:\/\/i0.wp.com\/rubensvalenzuela.com\/web\/wp-content\/uploads\/2025\/06\/La-desaparicion-del-Brescia.jpg?fit=1080%2C720","jetpack_likes_enabled":true,"jetpack_sharing_enabled":true,"_links":{"self":[{"href":"http:\/\/rubensvalenzuela.com\/web\/wp-json\/wp\/v2\/posts\/6958","targetHints":{"allow":["GET"]}}],"collection":[{"href":"http:\/\/rubensvalenzuela.com\/web\/wp-json\/wp\/v2\/posts"}],"about":[{"href":"http:\/\/rubensvalenzuela.com\/web\/wp-json\/wp\/v2\/types\/post"}],"author":[{"embeddable":true,"href":"http:\/\/rubensvalenzuela.com\/web\/wp-json\/wp\/v2\/users\/1"}],"replies":[{"embeddable":true,"href":"http:\/\/rubensvalenzuela.com\/web\/wp-json\/wp\/v2\/comments?post=6958"}],"version-history":[{"count":4,"href":"http:\/\/rubensvalenzuela.com\/web\/wp-json\/wp\/v2\/posts\/6958\/revisions"}],"predecessor-version":[{"id":6963,"href":"http:\/\/rubensvalenzuela.com\/web\/wp-json\/wp\/v2\/posts\/6958\/revisions\/6963"}],"wp:featuredmedia":[{"embeddable":true,"href":"http:\/\/rubensvalenzuela.com\/web\/wp-json\/wp\/v2\/media\/6959"}],"wp:attachment":[{"href":"http:\/\/rubensvalenzuela.com\/web\/wp-json\/wp\/v2\/media?parent=6958"}],"wp:term":[{"taxonomy":"category","embeddable":true,"href":"http:\/\/rubensvalenzuela.com\/web\/wp-json\/wp\/v2\/categories?post=6958"},{"taxonomy":"post_tag","embeddable":true,"href":"http:\/\/rubensvalenzuela.com\/web\/wp-json\/wp\/v2\/tags?post=6958"},{"taxonomy":"yst_prominent_words","embeddable":true,"href":"http:\/\/rubensvalenzuela.com\/web\/wp-json\/wp\/v2\/yst_prominent_words?post=6958"}],"curies":[{"name":"wp","href":"https:\/\/api.w.org\/{rel}","templated":true}]}}