{"id":907,"date":"2009-03-02T03:35:09","date_gmt":"2009-03-02T03:35:09","guid":{"rendered":"http:\/\/rubensvalenzuela.com\/web\/?p=907"},"modified":"2013-05-27T03:42:37","modified_gmt":"2013-05-27T03:42:37","slug":"problemas-para-el-jugador-club-y-seleccion-por-una-lesion-importante","status":"publish","type":"post","link":"http:\/\/rubensvalenzuela.com\/web\/articulos\/problemas-para-el-jugador-club-y-seleccion-por-una-lesion-importante\/","title":{"rendered":"Problemas para el jugador, club y selecci\u00f3n por una lesi\u00f3n importante"},"content":{"rendered":"<div style=\"display:none;\">\nMahamadou Diarra estar\u00e1 de baja entre seis y nueve meses por una lesi\u00f3n grave en la rodilla. No volver\u00e1 a los terrenos de juego hasta la pretemporada de la pr\u00f3xima campa\u00f1a, lo mismo que Van Nistelrooy, que fue intervenido el pasado 13 de noviembre en Estados Unidos.\n <\/div>\n[wpds-restrict type=\u00bb1,2,3&#8243;]\n<p><img data-recalc-dims=\"1\" fetchpriority=\"high\" decoding=\"async\" src=\"https:\/\/i0.wp.com\/rubensvalenzuela.com\/web\/wp-content\/uploads\/2013\/05\/art220-big.jpg?resize=521%2C338\" alt=\"art220-big\" width=\"521\" height=\"338\" class=\"alignnone size-full wp-image-908\" srcset=\"https:\/\/i0.wp.com\/rubensvalenzuela.com\/web\/wp-content\/uploads\/2013\/05\/art220-big.jpg?w=521 521w, https:\/\/i0.wp.com\/rubensvalenzuela.com\/web\/wp-content\/uploads\/2013\/05\/art220-big.jpg?resize=400%2C259 400w\" sizes=\"(max-width: 521px) 100vw, 521px\" \/><\/p>\n<p>Mahamadou Diarra estar\u00e1 de baja entre seis y nueve meses por una lesi\u00f3n grave en la rodilla. No volver\u00e1 a los terrenos de juego hasta la pretemporada de la pr\u00f3xima campa\u00f1a, lo mismo que Van Nistelrooy, que fue intervenido el pasado 13 de noviembre en Estados Unidos.<\/p>\n<p>El mal\u00ed fue sometido ayer a una artroscopia diagn\u00f3stico-terap\u00e9utica en el hospital Sanitas-La Moraleja y se confirmaron los peores presagios. <\/p>\n<p>Diarra sufre una lesi\u00f3n condral de grado IV en el c\u00f3ndilo femoral interno y externo y en la meseta tibial externa, m\u00e1s una rotura compleja en el menisco externo en el cuerno y cuerpo posterior, m\u00e1s oste\u00f3fito perif\u00e9rico externo en el platillo tibial de la rodilla derecha. Con Mali. Son tres lesiones en una. Diarra acudi\u00f3 la semana pasada a Lyon para buscar una segunda opini\u00f3n en el doctor Bertrand Sonnery-Cottet, del Centro Ortop\u00e9dico Santy. <\/p>\n<p>Diarra estaba preocupado sobre todo por sus problemas en el cart\u00edlago y estos d\u00edas ya le costaba trabajo pisar. Ahora llega el periodo m\u00e1s duro para \u00e9l, ya que es la primera vez en su carrera que tendr\u00e1 que estar de baja tanto tiempo. Diarra se lesion\u00f3 el 11 de octubre vistiendo la camiseta de su pa\u00eds. Fue en el partido Mali-Chad. Entonces, el diagn\u00f3stico fue una parameniscitis en la rodilla derecha con sinovitis. <\/p>\n<p>Volvi\u00f3 a jugar el partido de Copa ante el Real Uni\u00f3n el 30 de octubre y en un entrenamiento el pasado 30 de noviembre recay\u00f3. Tras varios estudios m\u00e9dicos, los doctores decidieron que lo mejor era que pasara por el quir\u00f3fano. Ya dec\u00edamos hace unos d\u00edas que la lesi\u00f3n de Diarra no era una lesi\u00f3n banal y que pod\u00eda tener mucho peligro. <\/p>\n<p>No se trataba tan s\u00f3lo de una dolencia en el menisco externo, sino que tambi\u00e9n pod\u00eda estar afectado el cart\u00edlago articular. Y efectivamente, en la artroscopia realizada al jugador se ha visto que el cart\u00edlago articular del c\u00f3ndilo femoral externo estaba bastante da\u00f1ado. <\/p>\n<p>Esta circunstancia implica, l\u00f3gicamente, que el periodo de recuperaci\u00f3n se va a alargar en el tiempo entre seis y nueve meses (puede que incluso m\u00e1s seg\u00fan reciba el tratamiento), y siempre y cuando, al igual que en el caso de Van Nistelrooy, la lesi\u00f3n evolucione satisfactoriamente y no existan complicaciones posteriores en forma de sinovitis de repetici\u00f3n que obliguen a alargar el tiempo de evoluci\u00f3n. <\/p>\n<p>Hay que dejar bien claro que las lesiones de Diarra y Van Nistelrooy nada tienen que ver con la plaga que est\u00e1 azotando al Real Madrid en los \u00faltimos tiempos. No hay que pedir responsabilidad al director del Madrid TEC, Valter di Salvo, ni a los servicios m\u00e9dicos de la entidad blanca. <\/p>\n<p>Son lesiones degenerativas que se van produciendo por microtraumatismos de repetici\u00f3n como consecuencia de la rotura previa del amortiguador que es el menisco externo. \u00a1Ah!, se me olvidaba, no hace falta ir a Estados Unidos ni al resto de Europa para operar estas lesiones. En Espa\u00f1a hay especialistas muy buenos. De los mejores. No olvidemos nunca estas cosas. <\/p>\n<p>As.com Dr. Jos\u00e9 Gonz\u00e1lez.<\/p>\n[\/wpds-restrict]\n","protected":false},"excerpt":{"rendered":"<p>Mahamadou Diarra estar\u00e1 de baja entre seis y nueve meses por una lesi\u00f3n grave en la rodilla. No volver\u00e1 a los terrenos de juego hasta la pretemporada de la pr\u00f3xima campa\u00f1a, lo mismo que Van Nistelrooy, que fue intervenido el pasado 13 de noviembre en Estados Unidos. [wpds-restrict type=\u00bb1,2,3&#8243;] Mahamadou Diarra estar\u00e1 de baja entre &#8230;<\/p>\n","protected":false},"author":1,"featured_media":908,"comment_status":"open","ping_status":"open","sticky":false,"template":"","format":"standard","meta":{"_acf_changed":false,"_jetpack_memberships_contains_paid_content":false,"footnotes":"","jetpack_publicize_message":"","jetpack_publicize_feature_enabled":true,"jetpack_social_post_already_shared":false,"jetpack_social_options":{"image_generator_settings":{"template":"highway","default_image_id":0,"font":"","enabled":false},"version":2}},"categories":[2,19],"tags":[67,50],"yst_prominent_words":[],"class_list":["post-907","post","type-post","status-publish","format-standard","has-post-thumbnail","hentry","category-articulos","category-medicina-del-deporte","tag-articulos","tag-medicina-del-deporte-2"],"acf":[],"jetpack_publicize_connections":[],"jetpack_featured_media_url":"https:\/\/i0.wp.com\/rubensvalenzuela.com\/web\/wp-content\/uploads\/2013\/05\/art220-big.jpg?fit=521%2C338","jetpack_likes_enabled":true,"jetpack_sharing_enabled":true,"_links":{"self":[{"href":"http:\/\/rubensvalenzuela.com\/web\/wp-json\/wp\/v2\/posts\/907","targetHints":{"allow":["GET"]}}],"collection":[{"href":"http:\/\/rubensvalenzuela.com\/web\/wp-json\/wp\/v2\/posts"}],"about":[{"href":"http:\/\/rubensvalenzuela.com\/web\/wp-json\/wp\/v2\/types\/post"}],"author":[{"embeddable":true,"href":"http:\/\/rubensvalenzuela.com\/web\/wp-json\/wp\/v2\/users\/1"}],"replies":[{"embeddable":true,"href":"http:\/\/rubensvalenzuela.com\/web\/wp-json\/wp\/v2\/comments?post=907"}],"version-history":[{"count":3,"href":"http:\/\/rubensvalenzuela.com\/web\/wp-json\/wp\/v2\/posts\/907\/revisions"}],"predecessor-version":[{"id":910,"href":"http:\/\/rubensvalenzuela.com\/web\/wp-json\/wp\/v2\/posts\/907\/revisions\/910"}],"wp:featuredmedia":[{"embeddable":true,"href":"http:\/\/rubensvalenzuela.com\/web\/wp-json\/wp\/v2\/media\/908"}],"wp:attachment":[{"href":"http:\/\/rubensvalenzuela.com\/web\/wp-json\/wp\/v2\/media?parent=907"}],"wp:term":[{"taxonomy":"category","embeddable":true,"href":"http:\/\/rubensvalenzuela.com\/web\/wp-json\/wp\/v2\/categories?post=907"},{"taxonomy":"post_tag","embeddable":true,"href":"http:\/\/rubensvalenzuela.com\/web\/wp-json\/wp\/v2\/tags?post=907"},{"taxonomy":"yst_prominent_words","embeddable":true,"href":"http:\/\/rubensvalenzuela.com\/web\/wp-json\/wp\/v2\/yst_prominent_words?post=907"}],"curies":[{"name":"wp","href":"https:\/\/api.w.org\/{rel}","templated":true}]}}